{"id":7730,"date":"2023-05-05T10:00:00","date_gmt":"2023-05-05T15:00:00","guid":{"rendered":"https:\/\/carecenter-okc.org\/?p=7730"},"modified":"2024-12-09T09:44:38","modified_gmt":"2024-12-09T15:44:38","slug":"qa-with-the-education-team","status":"publish","type":"post","link":"https:\/\/carecenter-okc.org\/es\/qa-with-the-education-team\/","title":{"rendered":"Conozca a los superh\u00e9roes de la educaci\u00f3n: Perspectivas del equipo educativo de un CAC."},"content":{"rendered":"<hr class=\"wp-block-separator has-alpha-channel-opacity is-style-default\"\/>\n\n\n\n<p class=\"wp-block-paragraph\">Como padres, cuidadores y educadores, todos queremos proteger a nuestros hijos. Sin embargo, a veces puede ser dif\u00edcil saber c\u00f3mo hablarles sobre temas delicados como el abuso y la negligencia. Ah\u00ed es donde entra en juego el equipo educativo de The CARE Center. Son un grupo de profesionales dedicados que viajan a escuelas de todo el condado de Oklahoma para impartir educaci\u00f3n preventiva a alumnos de primaria. Recientemente tuvimos la oportunidad de conversar con ellos y hacerles algunas preguntas sobre su importante labor. En este blog, compartiremos sus reflexiones y destacaremos algunas de las incre\u00edbles cosas que hacen para ayudar a proteger a nuestros hijos.<\/p>\n\n\n\n<p class=\"wp-block-paragraph\"><mark style=\"background-color:rgba(0, 0, 0, 0)\" class=\"has-inline-color has-ast-global-color-0-color\">Directora de Educaci\u00f3n, Shelby Lynch: <\/mark><\/p>\n\n\n\n<p class=\"wp-block-paragraph\"><strong>\u00bfQu\u00e9 consejos les dar\u00eda a los maestros y padres que desean construir una relaci\u00f3n segura con los ni\u00f1os?<\/strong><\/p>\n\n\n\n<p class=\"wp-block-paragraph\"><em>\u201cA los padres les recomiendo hablar con sus hijos sobre la prevenci\u00f3n desde temprana edad y con frecuencia. Nunca es demasiado pronto para tener esta conversaci\u00f3n con sus hijos y comenzar a implementar el consentimiento b\u00e1sico y la autonom\u00eda corporal en el hogar. Ense\u00f1ar esto puede ser tan simple como recordarles que deben pedir un abrazo antes de darlo. O, si est\u00e1n jugando con sus hijos y les dicen que paren, respeten lo que dicen y dejen de jugar. Es importante recordar que todos los ni\u00f1os tienen derechos, incluso los nuestros. Es importante que los padres respeten lo que dicen sus hijos, as\u00ed como los padres esperan que los hijos respeten lo que ellos dicen.\u201c.&nbsp;<\/em><\/p>\n\n\n\n<p class=\"wp-block-paragraph\"><em>A los docentes y al personal escolar, les aconsejo que establezcan l\u00edmites en sus aulas en lo que respecta al contacto f\u00edsico y a la presencia de adultos de confianza. Hemos visitado varias escuelas donde los estudiantes saben que no tienen que abrazar a sus maestros si se lo piden, y los maestros suelen darles a los ni\u00f1os la opci\u00f3n de elegir c\u00f3mo quieren ser saludados por la ma\u00f1ana: con un saludo, un choque de manos, un choque de pu\u00f1os, un baile divertido o un abrazo. Darles a los ni\u00f1os la opci\u00f3n de elegir en cuanto al contacto f\u00edsico es sumamente importante. Adem\u00e1s, es importante que los ni\u00f1os sepan que su maestro es un adulto de confianza. Los maestros pueden demostrarles a sus estudiantes que siempre los apoyan y que los escuchar\u00e1n sin juzgarlos. Para los consejeros y otros administradores escolares, es vital que su personal est\u00e9 debidamente capacitado sobre c\u00f3mo denunciar casos sospechosos de abuso y c\u00f3mo manejar adecuadamente una revelaci\u00f3n de abuso infantil. A menudo, descubrimos que la capacitaci\u00f3n obligatoria del distrito no es suficiente. Ofrecemos una capacitaci\u00f3n gratuita para denunciantes obligatorios en The CARE Center y nos encantar\u00eda tener la oportunidad de hablar con el personal de su escuela sobre c\u00f3mo estar mejor preparados para denunciar casos sospechosos de abuso.\u201d<\/em><\/p>\n\n\n\n<p class=\"wp-block-paragraph\"><strong>\u00bfCu\u00e1l crees que es la mayor fortaleza de tu equipo?<\/strong> <\/p>\n\n\n\n<p class=\"wp-block-paragraph\"><em>\u201cLa mayor fortaleza de mi equipo reside en su convicci\u00f3n en nuestra misi\u00f3n y nuestros programas. Cada miembro de mi equipo lucha a diario para que nuestros programas lleguen a todos los ni\u00f1os del condado de Oklahoma y m\u00e1s all\u00e1. Nos entusiasma cuando una nueva escuela decide impartir ROAR y nos emociona igualmente cuando las escuelas desean utilizar nuestros programas anualmente. Otra fortaleza de mi equipo es su gran humanidad. Nos esforzamos por crear v\u00ednculos y relaciones s\u00f3lidas con los consejeros con los que trabajamos y queremos que se sientan apoyados por nuestros servicios. Tambi\u00e9n nos preocupamos profundamente por los ni\u00f1os a los que ense\u00f1amos. Queremos que cada programa ROAR que impartimos sea el mejor posible y que cada ni\u00f1o reciba toda nuestra atenci\u00f3n y respeto. \u00a1Realmente amamos lo que hacemos!\u201d<\/em><\/p>\n\n\n\n<p class=\"wp-block-paragraph\"><strong>\u00bfC\u00f3mo ha cambiado tu perspectiva trabajar en The CARE Center?<\/strong><\/p>\n\n\n\n<p class=\"wp-block-paragraph\"><em>\u201cTrabajar en The CARE Center me ha permitido comprender los cambios sist\u00e9micos necesarios para erradicar el maltrato infantil. Como m\u00ednimo, las organizaciones que trabajan con v\u00edctimas necesitan y merecen urgentemente m\u00e1s financiaci\u00f3n para operar con eficiencia y satisfacer las necesidades de las familias a las que servimos. Nuestro equipo de Servicios a las V\u00edctimas y el equipo multidisciplinario en general trabajan incansablemente para ayudar a estas familias y escuchar a nuestros clientes, pero podr\u00edan hacer mucho m\u00e1s con mayor financiaci\u00f3n y apoyo. Adem\u00e1s, las organizaciones que trabajan en la prevenci\u00f3n del maltrato infantil deben colaborar para crear un plan de prevenci\u00f3n integral que atienda a ni\u00f1os de 0 a 17 a\u00f1os y ofrezca apoyo a las familias en dificultades. El trabajo que realizamos en The CARE Center es un gran paso en el di\u00e1logo sobre la prevenci\u00f3n del maltrato infantil, pero no podemos hacerlo solos. Trabajar de forma aislada no fomenta un cambio real, pero unir fuerzas y trabajar juntos s\u00ed.\u201d<\/em><\/p>\n\n\n\n<p class=\"has-ast-global-color-0-color has-text-color wp-block-paragraph\">Molly Detamore, Coordinadora de Educaci\u00f3n:<\/p>\n\n\n\n<p class=\"wp-block-paragraph\"><strong>\u00bfQu\u00e9 es lo que te apasiona tanto de tu trabajo?<\/strong><\/p>\n\n\n\n<p class=\"wp-block-paragraph\">\u201c<em>Como maestra y exmadre de acogida, fui testigo directo de c\u00f3mo el abuso puede afectar las mentes j\u00f3venes. Me apasiona educar tanto a ni\u00f1os como a adultos sobre las se\u00f1ales y s\u00edntomas del abuso para que podamos ponerle fin en Oklahoma.<\/em>\u201c<\/p>\n\n\n\n<p class=\"wp-block-paragraph\"><strong>\u00bfQu\u00e9 consejos les dar\u00eda a las v\u00edctimas que tienen miedo de buscar ayuda?&nbsp;<\/strong><\/p>\n\n\n\n<p class=\"wp-block-paragraph\">\u201c<em>S\u00e9 que puede ser dif\u00edcil pedir ayuda. El miedo es uno de los mayores obst\u00e1culos para que una v\u00edctima reciba la ayuda que necesita. Recuerda lo valiente y querida que eres por tantas personas. Espero que los servicios que ofrecemos en The CARE Center puedan ayudar a alguien en ese camino hacia la seguridad y el consuelo.<\/em>\u201c<\/p>\n\n\n\n<p class=\"has-ast-global-color-0-color has-text-color wp-block-paragraph\">Lourdes Ballesteros, Coordinadora de Educaci\u00f3n Biling\u00fce:<\/p>\n\n\n\n<p class=\"wp-block-paragraph\"><strong>\u00bfQu\u00e9 te trajo al Centro CARE?<\/strong><\/p>\n\n\n\n<p class=\"wp-block-paragraph\"><em>\u201cLa labor que realiza el centro CARE es muy importante para m\u00ed y siento una conexi\u00f3n personal con la esperanza y la sanaci\u00f3n que buscamos brindar; sin embargo, mi pasi\u00f3n es la educaci\u00f3n, as\u00ed que en el momento en que descubr\u00ed que hab\u00eda una manera de formar parte de una misi\u00f3n tan honorable y a la vez poder cumplir mi pasi\u00f3n y ense\u00f1ar en nuestra comunidad, supe que el centro CARE era el lugar para m\u00ed.\u201d<\/em><\/p>\n\n\n\n<p class=\"wp-block-paragraph\"><strong>&nbsp;\u00bfAlg\u00fan consejo para los padres preocupados por la seguridad de sus hijos?&nbsp;<\/strong><\/p>\n\n\n\n<p class=\"wp-block-paragraph\"><em>\u201c\u00a1No tengas miedo de pedir ayuda o una segunda opini\u00f3n! Hay profesionales que te escuchar\u00e1n, atender\u00e1n tus inquietudes y te guiar\u00e1n hacia la mejor soluci\u00f3n, brind\u00e1ndote los recursos necesarios para garantizar la seguridad y el bienestar de tu hijo.\u201d<\/em><\/p>\n\n\n\n<p class=\"has-ast-global-color-0-color has-text-color wp-block-paragraph\">Priscila Gurney, Coordinadora de Educaci\u00f3n:<\/p>\n\n\n\n<p class=\"wp-block-paragraph\"><strong>\u00bfQu\u00e9 crees que es lo mejor de poder ofrecer servicios en espa\u00f1ol e ingl\u00e9s?<\/strong><\/p>\n\n\n\n<p class=\"wp-block-paragraph\"><em>\u201cNo hay nada como ver la cara de los ni\u00f1os iluminarse cuando empiezo a hablar espa\u00f1ol, porque por primera vez en su d\u00eda escolar lo entienden perfectamente, o porque se ven representados en un adulto profesional y atento. Lo mejor de todo es que puedo ayudar a alguien, ya sea con ROAR o R&amp;R, proporcion\u00e1ndoles informaci\u00f3n vital de una manera que comprendan completamente.\u2019<\/em><\/p>\n\n\n\n<p class=\"wp-block-paragraph\"><strong>\u00bfTienes alg\u00fan mensaje para quienes dudan en buscar ayuda debido a la barrera del idioma?<\/strong><\/p>\n\n\n\n<p class=\"wp-block-paragraph\"><em>\u201cLa reticencia a buscar servicios debido al idioma suele ir acompa\u00f1ada del temor a las diferencias culturales. La competencia cultural es un compromiso y una b\u00fasqueda constantes. Cuanto mayor sea la inversi\u00f3n en capacitar al personal del Centro de Defensa de la Infancia y a los miembros del equipo multidisciplinario para que comprendan la importancia de brindar servicios culturalmente apropiados, mejores ser\u00e1n las experiencias para las familias y mayor ser\u00e1 la probabilidad de que busquen ayuda.\u201d<\/em><\/p>\n\n\n\n<p class=\"wp-block-paragraph\">El equipo educativo del Centro CARE est\u00e1 realizando una labor extraordinaria para proteger a nuestros ni\u00f1os. Desde impartir educaci\u00f3n preventiva en las escuelas hasta capacitar a los ni\u00f1os con el conocimiento y las habilidades necesarias para alzar la voz, est\u00e1n marcando una verdadera diferencia en nuestra comunidad. Estamos muy agradecidos por todo lo que hacen y les animamos a conocer m\u00e1s sobre su trabajo o a participar si les es posible. \u00a1Trabajemos juntos para crear un mundo m\u00e1s seguro para nuestros ni\u00f1os!<\/p>","protected":false},"excerpt":{"rendered":"<p>Recientemente tuvimos la oportunidad de conversar con ellos y hacerles algunas preguntas sobre su importante labor. En este blog, compartiremos sus reflexiones y destacaremos algunas de las incre\u00edbles acciones que realizan para ayudar a mantener seguros a nuestros ni\u00f1os.<\/p>","protected":false},"author":1,"featured_media":12776,"comment_status":"open","ping_status":"open","sticky":false,"template":"","format":"standard","meta":{"_acf_changed":false,"om_disable_all_campaigns":false,"_monsterinsights_skip_tracking":false,"_monsterinsights_sitenote_active":false,"_monsterinsights_sitenote_note":"","_monsterinsights_sitenote_category":0,"_uf_show_specific_survey":0,"_uf_disable_surveys":false,"site-sidebar-layout":"default","site-content-layout":"","ast-site-content-layout":"default","site-content-style":"default","site-sidebar-style":"default","ast-global-header-display":"","ast-banner-title-visibility":"","ast-main-header-display":"","ast-hfb-above-header-display":"","ast-hfb-below-header-display":"","ast-hfb-mobile-header-display":"","site-post-title":"disabled","ast-breadcrumbs-content":"","ast-featured-img":"","footer-sml-layout":"","ast-disable-related-posts":"","theme-transparent-header-meta":"","adv-header-id-meta":"","stick-header-meta":"","header-above-stick-meta":"","header-main-stick-meta":"","header-below-stick-meta":"","astra-migrate-meta-layouts":"set","ast-page-background-enabled":"default","ast-page-background-meta":{"desktop":{"background-color":"","background-image":"","background-repeat":"repeat","background-position":"center center","background-size":"auto","background-attachment":"scroll","background-type":"","background-media":"","overlay-type":"","overlay-color":"","overlay-opacity":"","overlay-gradient":""},"tablet":{"background-color":"","background-image":"","background-repeat":"repeat","background-position":"center center","background-size":"auto","background-attachment":"scroll","background-type":"","background-media":"","overlay-type":"","overlay-color":"","overlay-opacity":"","overlay-gradient":""},"mobile":{"background-color":"","background-image":"","background-repeat":"repeat","background-position":"center center","background-size":"auto","background-attachment":"scroll","background-type":"","background-media":"","overlay-type":"","overlay-color":"","overlay-opacity":"","overlay-gradient":""}},"ast-content-background-meta":{"desktop":{"background-color":"var(--ast-global-color-5)","background-image":"","background-repeat":"repeat","background-position":"center center","background-size":"auto","background-attachment":"scroll","background-type":"","background-media":"","overlay-type":"","overlay-color":"","overlay-opacity":"","overlay-gradient":""},"tablet":{"background-color":"var(--ast-global-color-5)","background-image":"","background-repeat":"repeat","background-position":"center center","background-size":"auto","background-attachment":"scroll","background-type":"","background-media":"","overlay-type":"","overlay-color":"","overlay-opacity":"","overlay-gradient":""},"mobile":{"background-color":"var(--ast-global-color-5)","background-image":"","background-repeat":"repeat","background-position":"center center","background-size":"auto","background-attachment":"scroll","background-type":"","background-media":"","overlay-type":"","overlay-color":"","overlay-opacity":"","overlay-gradient":""}},"footnotes":""},"categories":[13,809],"tags":[1210],"class_list":["post-7730","post","type-post","status-publish","format-standard","has-post-thumbnail","hentry","category-education","category-recognizing-and-reporting-child-abuse","tag-education"],"acf":[],"yoast_head":"<!-- This site is optimized with the Yoast SEO Premium plugin v26.5 (Yoast SEO v28.4) - https:\/\/yoast.com\/product\/yoast-seo-premium-wordpress\/ -->\n<title>Meet the Superheroes of Education: Insights from a CAC&#039;s Education Team - The CARE Center<\/title>\n<meta name=\"robots\" content=\"index, follow, max-snippet:-1, max-image-preview:large, max-video-preview:-1\" \/>\n<link rel=\"canonical\" href=\"https:\/\/carecenter-okc.org\/es\/qa-with-the-education-team\/\" \/>\n<meta property=\"og:locale\" content=\"es_MX\" \/>\n<meta property=\"og:type\" content=\"article\" \/>\n<meta property=\"og:title\" content=\"Meet the Superheroes of Education: Insights from a CAC&#039;s Education Team\" \/>\n<meta property=\"og:description\" content=\"We recently had the opportunity to sit down with them and ask some questions about their important work. In this blog, we&#039;ll share their insights and highlight some of the amazing things they do to help keep our children safe.\" \/>\n<meta property=\"og:url\" content=\"https:\/\/carecenter-okc.org\/es\/qa-with-the-education-team\/\" \/>\n<meta property=\"og:site_name\" content=\"The CARE Center\" \/>\n<meta property=\"article:published_time\" content=\"2023-05-05T15:00:00+00:00\" \/>\n<meta property=\"article:modified_time\" content=\"2024-12-09T15:44:38+00:00\" \/>\n<meta property=\"og:image\" content=\"https:\/\/carecenter-okc.org\/wp-content\/uploads\/2023\/05\/Blog-Headers-23.png\" \/>\n\t<meta property=\"og:image:width\" content=\"1280\" \/>\n\t<meta property=\"og:image:height\" content=\"720\" \/>\n\t<meta property=\"og:image:type\" content=\"image\/png\" \/>\n<meta name=\"author\" content=\"admin\" \/>\n<meta name=\"twitter:card\" content=\"summary_large_image\" \/>\n<meta name=\"twitter:label1\" content=\"Escrito por\" \/>\n\t<meta name=\"twitter:data1\" content=\"admin\" \/>\n\t<meta name=\"twitter:label2\" content=\"Tiempo de lectura\" \/>\n\t<meta name=\"twitter:data2\" content=\"6 minutos\" \/>\n<script type=\"application\/ld+json\" class=\"yoast-schema-graph\">{\"@context\":\"https:\\\/\\\/schema.org\",\"@graph\":[{\"@type\":\"Article\",\"@id\":\"https:\\\/\\\/carecenter-okc.org\\\/qa-with-the-education-team\\\/#article\",\"isPartOf\":{\"@id\":\"https:\\\/\\\/carecenter-okc.org\\\/qa-with-the-education-team\\\/\"},\"author\":{\"name\":\"admin\",\"@id\":\"https:\\\/\\\/carecenter-okc.org\\\/#\\\/schema\\\/person\\\/ac558fbe7f07011f58e618e57bed4705\"},\"headline\":\"Meet the Superheroes of Education: Insights from a CAC&#8217;s Education Team\",\"datePublished\":\"2023-05-05T15:00:00+00:00\",\"dateModified\":\"2024-12-09T15:44:38+00:00\",\"mainEntityOfPage\":{\"@id\":\"https:\\\/\\\/carecenter-okc.org\\\/qa-with-the-education-team\\\/\"},\"wordCount\":1283,\"commentCount\":0,\"publisher\":{\"@id\":\"https:\\\/\\\/carecenter-okc.org\\\/#organization\"},\"image\":{\"@id\":\"https:\\\/\\\/carecenter-okc.org\\\/qa-with-the-education-team\\\/#primaryimage\"},\"thumbnailUrl\":\"https:\\\/\\\/carecenter-okc.org\\\/wp-content\\\/uploads\\\/2023\\\/05\\\/Blog-Headers-23.png\",\"keywords\":[\"education\"],\"articleSection\":[\"Education\",\"Recognizing and Reporting Child Abuse\"],\"inLanguage\":\"es\",\"potentialAction\":[{\"@type\":\"CommentAction\",\"name\":\"Comment\",\"target\":[\"https:\\\/\\\/carecenter-okc.org\\\/qa-with-the-education-team\\\/#respond\"]}]},{\"@type\":\"WebPage\",\"@id\":\"https:\\\/\\\/carecenter-okc.org\\\/qa-with-the-education-team\\\/\",\"url\":\"https:\\\/\\\/carecenter-okc.org\\\/qa-with-the-education-team\\\/\",\"name\":\"Meet the Superheroes of Education: Insights from a CAC's Education Team - The CARE Center\",\"isPartOf\":{\"@id\":\"https:\\\/\\\/carecenter-okc.org\\\/#website\"},\"primaryImageOfPage\":{\"@id\":\"https:\\\/\\\/carecenter-okc.org\\\/qa-with-the-education-team\\\/#primaryimage\"},\"image\":{\"@id\":\"https:\\\/\\\/carecenter-okc.org\\\/qa-with-the-education-team\\\/#primaryimage\"},\"thumbnailUrl\":\"https:\\\/\\\/carecenter-okc.org\\\/wp-content\\\/uploads\\\/2023\\\/05\\\/Blog-Headers-23.png\",\"datePublished\":\"2023-05-05T15:00:00+00:00\",\"dateModified\":\"2024-12-09T15:44:38+00:00\",\"breadcrumb\":{\"@id\":\"https:\\\/\\\/carecenter-okc.org\\\/qa-with-the-education-team\\\/#breadcrumb\"},\"inLanguage\":\"es\",\"potentialAction\":[{\"@type\":\"ReadAction\",\"target\":[\"https:\\\/\\\/carecenter-okc.org\\\/qa-with-the-education-team\\\/\"]}]},{\"@type\":\"ImageObject\",\"inLanguage\":\"es\",\"@id\":\"https:\\\/\\\/carecenter-okc.org\\\/qa-with-the-education-team\\\/#primaryimage\",\"url\":\"https:\\\/\\\/carecenter-okc.org\\\/wp-content\\\/uploads\\\/2023\\\/05\\\/Blog-Headers-23.png\",\"contentUrl\":\"https:\\\/\\\/carecenter-okc.org\\\/wp-content\\\/uploads\\\/2023\\\/05\\\/Blog-Headers-23.png\",\"width\":1280,\"height\":720},{\"@type\":\"BreadcrumbList\",\"@id\":\"https:\\\/\\\/carecenter-okc.org\\\/qa-with-the-education-team\\\/#breadcrumb\",\"itemListElement\":[{\"@type\":\"ListItem\",\"position\":1,\"name\":\"Home\",\"item\":\"https:\\\/\\\/carecenter-okc.org\\\/\"},{\"@type\":\"ListItem\",\"position\":2,\"name\":\"Meet the Superheroes of Education: Insights from a CAC&#8217;s Education Team\"}]},{\"@type\":\"WebSite\",\"@id\":\"https:\\\/\\\/carecenter-okc.org\\\/#website\",\"url\":\"https:\\\/\\\/carecenter-okc.org\\\/\",\"name\":\"The CARE Center\",\"description\":\"Oklahoma County&#039;s Child Advocacy Center\",\"publisher\":{\"@id\":\"https:\\\/\\\/carecenter-okc.org\\\/#organization\"},\"potentialAction\":[{\"@type\":\"SearchAction\",\"target\":{\"@type\":\"EntryPoint\",\"urlTemplate\":\"https:\\\/\\\/carecenter-okc.org\\\/?s={search_term_string}\"},\"query-input\":{\"@type\":\"PropertyValueSpecification\",\"valueRequired\":true,\"valueName\":\"search_term_string\"}}],\"inLanguage\":\"es\"},{\"@type\":\"Organization\",\"@id\":\"https:\\\/\\\/carecenter-okc.org\\\/#organization\",\"name\":\"The CARE Center\",\"url\":\"https:\\\/\\\/carecenter-okc.org\\\/\",\"logo\":{\"@type\":\"ImageObject\",\"inLanguage\":\"es\",\"@id\":\"https:\\\/\\\/carecenter-okc.org\\\/#\\\/schema\\\/logo\\\/image\\\/\",\"url\":\"https:\\\/\\\/carecenter-okc.org\\\/wp-content\\\/uploads\\\/2020\\\/05\\\/CARELogo_Horiz_A.png\",\"contentUrl\":\"https:\\\/\\\/carecenter-okc.org\\\/wp-content\\\/uploads\\\/2020\\\/05\\\/CARELogo_Horiz_A.png\",\"width\":9462,\"height\":2194,\"caption\":\"The CARE Center\"},\"image\":{\"@id\":\"https:\\\/\\\/carecenter-okc.org\\\/#\\\/schema\\\/logo\\\/image\\\/\"}},{\"@type\":\"Person\",\"@id\":\"https:\\\/\\\/carecenter-okc.org\\\/#\\\/schema\\\/person\\\/ac558fbe7f07011f58e618e57bed4705\",\"name\":\"admin\",\"image\":{\"@type\":\"ImageObject\",\"inLanguage\":\"es\",\"@id\":\"https:\\\/\\\/secure.gravatar.com\\\/avatar\\\/f62afb22e8a78fd0223f966616f28ac9b58c7302f6b3e64242c0cc37419271b3?s=96&d=mm&r=g\",\"url\":\"https:\\\/\\\/secure.gravatar.com\\\/avatar\\\/f62afb22e8a78fd0223f966616f28ac9b58c7302f6b3e64242c0cc37419271b3?s=96&d=mm&r=g\",\"contentUrl\":\"https:\\\/\\\/secure.gravatar.com\\\/avatar\\\/f62afb22e8a78fd0223f966616f28ac9b58c7302f6b3e64242c0cc37419271b3?s=96&d=mm&r=g\",\"caption\":\"admin\"}}]}<\/script>\n<!-- \/ Yoast SEO Premium plugin. -->","yoast_head_json":{"title":"Meet the Superheroes of Education: Insights from a CAC's Education Team - The CARE Center","robots":{"index":"index","follow":"follow","max-snippet":"max-snippet:-1","max-image-preview":"max-image-preview:large","max-video-preview":"max-video-preview:-1"},"canonical":"https:\/\/carecenter-okc.org\/es\/qa-with-the-education-team\/","og_locale":"es_MX","og_type":"article","og_title":"Meet the Superheroes of Education: Insights from a CAC's Education Team","og_description":"We recently had the opportunity to sit down with them and ask some questions about their important work. In this blog, we'll share their insights and highlight some of the amazing things they do to help keep our children safe.","og_url":"https:\/\/carecenter-okc.org\/es\/qa-with-the-education-team\/","og_site_name":"The CARE Center","article_published_time":"2023-05-05T15:00:00+00:00","article_modified_time":"2024-12-09T15:44:38+00:00","og_image":[{"width":1280,"height":720,"url":"https:\/\/carecenter-okc.org\/wp-content\/uploads\/2023\/05\/Blog-Headers-23.png","type":"image\/png"}],"author":"admin","twitter_card":"summary_large_image","twitter_misc":{"Escrito por":"admin","Tiempo de lectura":"6 minutos"},"schema":{"@context":"https:\/\/schema.org","@graph":[{"@type":"Article","@id":"https:\/\/carecenter-okc.org\/qa-with-the-education-team\/#article","isPartOf":{"@id":"https:\/\/carecenter-okc.org\/qa-with-the-education-team\/"},"author":{"name":"admin","@id":"https:\/\/carecenter-okc.org\/#\/schema\/person\/ac558fbe7f07011f58e618e57bed4705"},"headline":"Meet the Superheroes of Education: Insights from a CAC&#8217;s Education Team","datePublished":"2023-05-05T15:00:00+00:00","dateModified":"2024-12-09T15:44:38+00:00","mainEntityOfPage":{"@id":"https:\/\/carecenter-okc.org\/qa-with-the-education-team\/"},"wordCount":1283,"commentCount":0,"publisher":{"@id":"https:\/\/carecenter-okc.org\/#organization"},"image":{"@id":"https:\/\/carecenter-okc.org\/qa-with-the-education-team\/#primaryimage"},"thumbnailUrl":"https:\/\/carecenter-okc.org\/wp-content\/uploads\/2023\/05\/Blog-Headers-23.png","keywords":["education"],"articleSection":["Education","Recognizing and Reporting Child Abuse"],"inLanguage":"es","potentialAction":[{"@type":"CommentAction","name":"Comment","target":["https:\/\/carecenter-okc.org\/qa-with-the-education-team\/#respond"]}]},{"@type":"WebPage","@id":"https:\/\/carecenter-okc.org\/qa-with-the-education-team\/","url":"https:\/\/carecenter-okc.org\/qa-with-the-education-team\/","name":"Meet the Superheroes of Education: Insights from a CAC's Education Team - The CARE Center","isPartOf":{"@id":"https:\/\/carecenter-okc.org\/#website"},"primaryImageOfPage":{"@id":"https:\/\/carecenter-okc.org\/qa-with-the-education-team\/#primaryimage"},"image":{"@id":"https:\/\/carecenter-okc.org\/qa-with-the-education-team\/#primaryimage"},"thumbnailUrl":"https:\/\/carecenter-okc.org\/wp-content\/uploads\/2023\/05\/Blog-Headers-23.png","datePublished":"2023-05-05T15:00:00+00:00","dateModified":"2024-12-09T15:44:38+00:00","breadcrumb":{"@id":"https:\/\/carecenter-okc.org\/qa-with-the-education-team\/#breadcrumb"},"inLanguage":"es","potentialAction":[{"@type":"ReadAction","target":["https:\/\/carecenter-okc.org\/qa-with-the-education-team\/"]}]},{"@type":"ImageObject","inLanguage":"es","@id":"https:\/\/carecenter-okc.org\/qa-with-the-education-team\/#primaryimage","url":"https:\/\/carecenter-okc.org\/wp-content\/uploads\/2023\/05\/Blog-Headers-23.png","contentUrl":"https:\/\/carecenter-okc.org\/wp-content\/uploads\/2023\/05\/Blog-Headers-23.png","width":1280,"height":720},{"@type":"BreadcrumbList","@id":"https:\/\/carecenter-okc.org\/qa-with-the-education-team\/#breadcrumb","itemListElement":[{"@type":"ListItem","position":1,"name":"Home","item":"https:\/\/carecenter-okc.org\/"},{"@type":"ListItem","position":2,"name":"Meet the Superheroes of Education: Insights from a CAC&#8217;s Education Team"}]},{"@type":"WebSite","@id":"https:\/\/carecenter-okc.org\/#website","url":"https:\/\/carecenter-okc.org\/","name":"El Centro CARE","description":"Centro de Defensa de los Derechos del Ni\u00f1o del Condado de Oklahoma","publisher":{"@id":"https:\/\/carecenter-okc.org\/#organization"},"potentialAction":[{"@type":"SearchAction","target":{"@type":"EntryPoint","urlTemplate":"https:\/\/carecenter-okc.org\/?s={search_term_string}"},"query-input":{"@type":"PropertyValueSpecification","valueRequired":true,"valueName":"search_term_string"}}],"inLanguage":"es"},{"@type":"Organization","@id":"https:\/\/carecenter-okc.org\/#organization","name":"El Centro CARE","url":"https:\/\/carecenter-okc.org\/","logo":{"@type":"ImageObject","inLanguage":"es","@id":"https:\/\/carecenter-okc.org\/#\/schema\/logo\/image\/","url":"https:\/\/carecenter-okc.org\/wp-content\/uploads\/2020\/05\/CARELogo_Horiz_A.png","contentUrl":"https:\/\/carecenter-okc.org\/wp-content\/uploads\/2020\/05\/CARELogo_Horiz_A.png","width":9462,"height":2194,"caption":"The CARE Center"},"image":{"@id":"https:\/\/carecenter-okc.org\/#\/schema\/logo\/image\/"}},{"@type":"Person","@id":"https:\/\/carecenter-okc.org\/#\/schema\/person\/ac558fbe7f07011f58e618e57bed4705","name":"administraci\u00f3n","image":{"@type":"ImageObject","inLanguage":"es","@id":"https:\/\/secure.gravatar.com\/avatar\/f62afb22e8a78fd0223f966616f28ac9b58c7302f6b3e64242c0cc37419271b3?s=96&d=mm&r=g","url":"https:\/\/secure.gravatar.com\/avatar\/f62afb22e8a78fd0223f966616f28ac9b58c7302f6b3e64242c0cc37419271b3?s=96&d=mm&r=g","contentUrl":"https:\/\/secure.gravatar.com\/avatar\/f62afb22e8a78fd0223f966616f28ac9b58c7302f6b3e64242c0cc37419271b3?s=96&d=mm&r=g","caption":"admin"}}]}},"_links":{"self":[{"href":"https:\/\/carecenter-okc.org\/es\/wp-json\/wp\/v2\/posts\/7730","targetHints":{"allow":["GET"]}}],"collection":[{"href":"https:\/\/carecenter-okc.org\/es\/wp-json\/wp\/v2\/posts"}],"about":[{"href":"https:\/\/carecenter-okc.org\/es\/wp-json\/wp\/v2\/types\/post"}],"author":[{"embeddable":true,"href":"https:\/\/carecenter-okc.org\/es\/wp-json\/wp\/v2\/users\/1"}],"replies":[{"embeddable":true,"href":"https:\/\/carecenter-okc.org\/es\/wp-json\/wp\/v2\/comments?post=7730"}],"version-history":[{"count":8,"href":"https:\/\/carecenter-okc.org\/es\/wp-json\/wp\/v2\/posts\/7730\/revisions"}],"predecessor-version":[{"id":12778,"href":"https:\/\/carecenter-okc.org\/es\/wp-json\/wp\/v2\/posts\/7730\/revisions\/12778"}],"wp:featuredmedia":[{"embeddable":true,"href":"https:\/\/carecenter-okc.org\/es\/wp-json\/wp\/v2\/media\/12776"}],"wp:attachment":[{"href":"https:\/\/carecenter-okc.org\/es\/wp-json\/wp\/v2\/media?parent=7730"}],"wp:term":[{"taxonomy":"category","embeddable":true,"href":"https:\/\/carecenter-okc.org\/es\/wp-json\/wp\/v2\/categories?post=7730"},{"taxonomy":"post_tag","embeddable":true,"href":"https:\/\/carecenter-okc.org\/es\/wp-json\/wp\/v2\/tags?post=7730"}],"curies":[{"name":"wp","href":"https:\/\/api.w.org\/{rel}","templated":true}]}}