{"id":6687,"date":"2022-06-01T15:17:35","date_gmt":"2022-06-01T20:17:35","guid":{"rendered":"https:\/\/carecenter-okc.org\/?p=6687"},"modified":"2024-12-09T09:52:57","modified_gmt":"2024-12-09T15:52:57","slug":"50000-children-educated","status":"publish","type":"post","link":"https:\/\/carecenter-okc.org\/es\/50000-children-educated\/","title":{"rendered":"50.000 ni\u00f1os educados"},"content":{"rendered":"<div data-elementor-type=\"wp-post\" data-elementor-id=\"6687\" class=\"elementor elementor-6687\" data-elementor-post-type=\"post\">\n\t\t\t\t\t\t<section class=\"elementor-section elementor-top-section elementor-element elementor-element-381650b elementor-section-boxed elementor-section-height-default elementor-section-height-default\" data-id=\"381650b\" data-element_type=\"section\">\n\t\t\t\t\t\t<div class=\"elementor-container elementor-column-gap-default\">\n\t\t\t\t\t<div class=\"elementor-column elementor-col-100 elementor-top-column elementor-element elementor-element-5e86484\" data-id=\"5e86484\" data-element_type=\"column\">\n\t\t\t<div class=\"elementor-widget-wrap elementor-element-populated\">\n\t\t\t\t\t\t<div class=\"elementor-element elementor-element-064aaf1 elementor-widget elementor-widget-heading\" data-id=\"064aaf1\" data-element_type=\"widget\" data-widget_type=\"heading.default\">\n\t\t\t\t<div class=\"elementor-widget-container\">\n\t\t\t\t\t<h2 class=\"elementor-heading-title elementor-size-default\">Encontrando su ROAR: El Centro CARE empodera a 50,000 ni\u00f1os de Oklahoma para prevenir el abuso infantil\u00a0<\/h2>\t\t\t\t<\/div>\n\t\t\t\t<\/div>\n\t\t\t\t<div class=\"elementor-element elementor-element-8baf341 elementor-widget elementor-widget-text-editor\" data-id=\"8baf341\" data-element_type=\"widget\" data-widget_type=\"text-editor.default\">\n\t\t\t\t<div class=\"elementor-widget-container\">\n\t\t\t\t\t\t\t\t\t<p style=\"text-align: center;\"><i><span style=\"font-weight: 400;\">Programa gratuito ense\u00f1a seguridad corporal a ni\u00f1os peque\u00f1os\u00a0<\/span><\/i><\/p>\t\t\t\t\t\t\t\t<\/div>\n\t\t\t\t<\/div>\n\t\t\t\t<div class=\"elementor-element elementor-element-4f71f6b elementor-widget elementor-widget-text-editor\" data-id=\"4f71f6b\" data-element_type=\"widget\" data-widget_type=\"text-editor.default\">\n\t\t\t\t<div class=\"elementor-widget-container\">\n\t\t\t\t\t\t\t\t\t<p><span style=\"font-weight: 400;\">OKLAHOMA CITY, 26 de mayo de 2022: un programa de prevenci\u00f3n del abuso infantil de Oklahoma est\u00e1 marcando un hito importante. M\u00e1s de 50,000 ni\u00f1os de Oklahoma han aprendido sobre la prevenci\u00f3n del abuso infantil y la seguridad del cuerpo a trav\u00e9s del programa ROAR de The CARE Center, anunci\u00f3 hoy la organizaci\u00f3n sin fines de lucro.\u00a0\u00a0<\/span><\/p><p><span style=\"font-weight: 400;\">Los estudiantes de segundo grado de la Escuela Primaria Southern Hills de las Escuelas P\u00fablicas de la Ciudad de Oklahoma celebraron el hito junto con sus maestros y el personal del Centro CARE.<\/span><\/p><p><span style=\"font-weight: 400;\">\u201cDesde 2017, miles de ni\u00f1os y participantes de Oklahoma han recibido ROAR en todo el pa\u00eds\u201d, dijo Stacy McNeiland, directora ejecutiva de CARE Center y fundadora del programa ROAR.\u00a0<\/span><\/p><p><span style=\"font-weight: 400;\">ROAR les ense\u00f1a a los ni\u00f1os de 4 a 8 a\u00f1os sobre la seguridad del cuerpo y los empodera para que hablen si les est\u00e1n ocurriendo abusos a ellos o a alguien que conocen.\u00a0\u00a0<\/span><\/p><p><span style=\"font-weight: 400;\">El acr\u00f3nimo &quot;ROAR&quot; significa &quot;Recuerda que lo privado es privado&quot;, &quot;Est\u00e1 bien decir &#039;no&#039;&quot;, &quot;Siempre habla de secretos&quot; y &quot;Levanta la voz y cu\u00e9ntaselo a alguien&quot;. Las lecciones interactivas del programa est\u00e1n dise\u00f1adas para ense\u00f1arse en un sal\u00f3n de clases o en un grupo, pero tambi\u00e9n est\u00e1n disponibles para las familias.\u00a0<\/span><\/p><p><span style=\"font-weight: 400;\">\u201cHay tantas formas en que se puede implementar el programa ROAR, desde la escuela y la guarder\u00eda hasta las iglesias y los hogares privados\u201d, dijo la directora de educaci\u00f3n del Centro CARE, Shelby Lynch. \u201cAnimamos a los padres, maestros y cuidadores a buscar m\u00e1s informaci\u00f3n en <\/span><a href=\"https:\/\/carecenter-okc.org\/es\/we-educate\/roar\/\"><span style=\"font-weight: 400;\">https:\/\/carecenter-okc.org\/we-educate\/roar\/<\/span><\/a><span style=\"font-weight: 400;\">.\u201d\u00a0<\/span><\/p><p><span style=\"font-weight: 400;\">Tres miembros del personal de CARE Center de tiempo completo est\u00e1n disponibles para presentaciones ROAR en el sitio, junto con opciones virtuales; el programa se ofrece sin cargo. El libro para ni\u00f1os \u201cRex encuentra su rugido\u201d est\u00e1 disponible para la venta y en las bibliotecas p\u00fablicas.<\/span><span style=\"font-weight: 400;\"><br \/><\/span><span style=\"font-weight: 400;\">\u201cSaber que m\u00e1s de 50,000 ni\u00f1os han recibido esta informaci\u00f3n vital inspira a nuestro personal a continuar trabajando hacia nuestro objetivo final: eliminar el abuso infantil en Oklahoma y m\u00e1s all\u00e1\u201d, dijo Lynch.\u00a0<\/span><\/p><p><span style=\"font-weight: 400;\">El programa ROAR cuenta con el respaldo de Erin Merryn, una destacada defensora del abuso por quien se nombra la Ley de Erin. La ley estipula que las escuelas p\u00fablicas deben ense\u00f1ar seguridad corporal y capacitar al personal en t\u00e9cnicas para denunciar sospechas de abuso.<\/span><\/p><p><b>Acerca del Centro CARE<\/b><span style=\"font-weight: 400;\"><br \/><\/span><span style=\"font-weight: 400;\">Organizado en 1991, el Centro CARE es un centro de defensa infantil acreditado a nivel nacional que existe para reducir el trauma de las v\u00edctimas de abuso infantil y sus familias, coordinar un enfoque multidisciplinario para las investigaciones de abuso infantil y proporcionar al centro de Oklahoma recursos pr\u00e1cticos y efectivos para la prevenci\u00f3n del abuso infantil y educaci\u00f3n. En The CARE Center, los ni\u00f1os pueden contar su historia de abuso una vez en un entorno seguro, acceder a recursos y apoyo, y comenzar su viaje hacia la curaci\u00f3n y la recuperaci\u00f3n. Obtenga m\u00e1s informaci\u00f3n sobre el Centro CARE en<\/span><a href=\"https:\/\/carecenter-okc.org\/es\/\"> <span style=\"font-weight: 400;\">https:\/\/carecenter-okc.org\/<\/span><\/a><span style=\"font-weight: 400;\">.<\/span><\/p>\t\t\t\t\t\t\t\t<\/div>\n\t\t\t\t<\/div>\n\t\t\t\t<div class=\"elementor-element elementor-element-bb2b6a6 elementor-widget-divider--view-line elementor-widget elementor-widget-divider\" data-id=\"bb2b6a6\" data-element_type=\"widget\" data-widget_type=\"divider.default\">\n\t\t\t\t<div class=\"elementor-widget-container\">\n\t\t\t\t\t\t\t<div class=\"elementor-divider\">\n\t\t\t<span class=\"elementor-divider-separator\">\n\t\t\t\t\t\t<\/span>\n\t\t<\/div>\n\t\t\t\t\t\t<\/div>\n\t\t\t\t<\/div>\n\t\t\t\t<div class=\"elementor-element elementor-element-b4a914c elementor-grid-3 elementor-grid-tablet-2 elementor-grid-mobile-1 elementor-posts--thumbnail-top elementor-widget elementor-widget-posts\" data-id=\"b4a914c\" data-element_type=\"widget\" data-settings=\"{&quot;classic_columns&quot;:&quot;3&quot;,&quot;classic_columns_tablet&quot;:&quot;2&quot;,&quot;classic_columns_mobile&quot;:&quot;1&quot;,&quot;classic_row_gap&quot;:{&quot;unit&quot;:&quot;px&quot;,&quot;size&quot;:35,&quot;sizes&quot;:[]},&quot;classic_row_gap_tablet&quot;:{&quot;unit&quot;:&quot;px&quot;,&quot;size&quot;:&quot;&quot;,&quot;sizes&quot;:[]},&quot;classic_row_gap_mobile&quot;:{&quot;unit&quot;:&quot;px&quot;,&quot;size&quot;:&quot;&quot;,&quot;sizes&quot;:[]}}\" data-widget_type=\"posts.classic\">\n\t\t\t\t<div class=\"elementor-widget-container\">\n\t\t\t\t\t\t\t<div class=\"elementor-posts-container elementor-posts elementor-posts--skin-classic elementor-grid\" role=\"list\">\n\t\t\t\t<article class=\"elementor-post elementor-grid-item post-15474 post type-post status-publish format-standard has-post-thumbnail hentry category-advocacy category-news tag-child-advocacy tag-children tag-education\" role=\"listitem\">\n\t\t\t\t<a class=\"elementor-post__thumbnail__link\" href=\"https:\/\/carecenter-okc.org\/es\/see-us-in-the-news\/\" tabindex=\"-1\" >\n\t\t\t<div class=\"elementor-post__thumbnail\"><img fetchpriority=\"high\" decoding=\"async\" width=\"300\" height=\"169\" src=\"https:\/\/carecenter-okc.org\/wp-content\/uploads\/2025\/11\/Blog-Headers-15-300x169.png\" class=\"attachment-medium size-medium wp-image-15475\" alt=\"\" srcset=\"https:\/\/carecenter-okc.org\/wp-content\/uploads\/2025\/11\/Blog-Headers-15-300x169.png 300w, https:\/\/carecenter-okc.org\/wp-content\/uploads\/2025\/11\/Blog-Headers-15-1024x576.png 1024w, https:\/\/carecenter-okc.org\/wp-content\/uploads\/2025\/11\/Blog-Headers-15-768x432.png 768w, https:\/\/carecenter-okc.org\/wp-content\/uploads\/2025\/11\/Blog-Headers-15-18x10.png 18w, https:\/\/carecenter-okc.org\/wp-content\/uploads\/2025\/11\/Blog-Headers-15.png 1280w\" sizes=\"(max-width: 300px) 100vw, 300px\" \/><\/div>\n\t\t<\/a>\n\t\t\t\t<div class=\"elementor-post__text\">\n\t\t\t\t<h3 class=\"elementor-post__title\">\n\t\t\t<a href=\"https:\/\/carecenter-okc.org\/es\/see-us-in-the-news\/\" >\n\t\t\t\tSee Us in the News\t\t\t<\/a>\n\t\t<\/h3>\n\t\t\t\t<div class=\"elementor-post__meta-data\">\n\t\t\t\t\t<span class=\"elementor-post-date\">\n\t\t\tnoviembre 17, 2025\t\t<\/span>\n\t\t\t\t<span class=\"elementor-post-avatar\">\n\t\t\tNo hay comentarios\t\t<\/span>\n\t\t\t\t<\/div>\n\t\t\t\t<div class=\"elementor-post__excerpt\">\n\t\t\t<p>Check out a curated list of news interviews and media features where The CARE Center has made waves. From local spotlights to national platforms, here\u2019s where we\u2019ve been sharing our story.<\/p>\n\t\t<\/div>\n\t\t\n\t\t<a class=\"elementor-post__read-more\" href=\"https:\/\/carecenter-okc.org\/es\/see-us-in-the-news\/\" aria-label=\"Read more about See Us in the News\" tabindex=\"-1\" >\n\t\t\tLee mas &quot;\t\t<\/a>\n\n\t\t\t\t<\/div>\n\t\t\t\t<\/article>\n\t\t\t\t<article class=\"elementor-post elementor-grid-item post-15415 post type-post status-publish format-standard has-post-thumbnail hentry category-digital-resources category-education tag-child-abuse tag-child-advocacy tag-children tag-prevention tag-roar\" role=\"listitem\">\n\t\t\t\t<a class=\"elementor-post__thumbnail__link\" href=\"https:\/\/carecenter-okc.org\/es\/breaking-the-silence-how-domestic-violence-affects-children\/\" tabindex=\"-1\" >\n\t\t\t<div class=\"elementor-post__thumbnail\"><img decoding=\"async\" width=\"300\" height=\"169\" src=\"https:\/\/carecenter-okc.org\/wp-content\/uploads\/2025\/10\/Blog-Headers-14-300x169.png\" class=\"attachment-medium size-medium wp-image-15416\" alt=\"\" srcset=\"https:\/\/carecenter-okc.org\/wp-content\/uploads\/2025\/10\/Blog-Headers-14-300x169.png 300w, https:\/\/carecenter-okc.org\/wp-content\/uploads\/2025\/10\/Blog-Headers-14-1024x576.png 1024w, https:\/\/carecenter-okc.org\/wp-content\/uploads\/2025\/10\/Blog-Headers-14-768x432.png 768w, https:\/\/carecenter-okc.org\/wp-content\/uploads\/2025\/10\/Blog-Headers-14-18x10.png 18w, https:\/\/carecenter-okc.org\/wp-content\/uploads\/2025\/10\/Blog-Headers-14.png 1280w\" sizes=\"(max-width: 300px) 100vw, 300px\" \/><\/div>\n\t\t<\/a>\n\t\t\t\t<div class=\"elementor-post__text\">\n\t\t\t\t<h3 class=\"elementor-post__title\">\n\t\t\t<a href=\"https:\/\/carecenter-okc.org\/es\/breaking-the-silence-how-domestic-violence-affects-children\/\" >\n\t\t\t\tBreaking the Silence: How Domestic Violence Affects Children\t\t\t<\/a>\n\t\t<\/h3>\n\t\t\t\t<div class=\"elementor-post__meta-data\">\n\t\t\t\t\t<span class=\"elementor-post-date\">\n\t\t\toctubre 27, 2025\t\t<\/span>\n\t\t\t\t<span class=\"elementor-post-avatar\">\n\t\t\tNo hay comentarios\t\t<\/span>\n\t\t\t\t<\/div>\n\t\t\t\t<div class=\"elementor-post__excerpt\">\n\t\t\t<p>October is Domestic Violence Awareness Month. Learn how domestic violence affects children and what CAC&#8217;s are doing to help. <\/p>\n\t\t<\/div>\n\t\t\n\t\t<a class=\"elementor-post__read-more\" href=\"https:\/\/carecenter-okc.org\/es\/breaking-the-silence-how-domestic-violence-affects-children\/\" aria-label=\"Read more about Breaking the Silence: How Domestic Violence Affects Children\" tabindex=\"-1\" >\n\t\t\tLee mas &quot;\t\t<\/a>\n\n\t\t\t\t<\/div>\n\t\t\t\t<\/article>\n\t\t\t\t<article class=\"elementor-post elementor-grid-item post-15308 post type-post status-publish format-standard has-post-thumbnail hentry category-news tag-child-advocacy tag-children tag-education\" role=\"listitem\">\n\t\t\t\t<a class=\"elementor-post__thumbnail__link\" href=\"https:\/\/carecenter-okc.org\/es\/10-4-facesp-a-tool-to-spot-possible-child-abuse-in-children-4-under\/\" tabindex=\"-1\" >\n\t\t\t<div class=\"elementor-post__thumbnail\"><img decoding=\"async\" width=\"300\" height=\"169\" src=\"https:\/\/carecenter-okc.org\/wp-content\/uploads\/2025\/10\/Blog-Headers-13-300x169.png\" class=\"attachment-medium size-medium wp-image-15309\" alt=\"\" srcset=\"https:\/\/carecenter-okc.org\/wp-content\/uploads\/2025\/10\/Blog-Headers-13-300x169.png 300w, https:\/\/carecenter-okc.org\/wp-content\/uploads\/2025\/10\/Blog-Headers-13-1024x576.png 1024w, https:\/\/carecenter-okc.org\/wp-content\/uploads\/2025\/10\/Blog-Headers-13-768x432.png 768w, https:\/\/carecenter-okc.org\/wp-content\/uploads\/2025\/10\/Blog-Headers-13-18x10.png 18w, https:\/\/carecenter-okc.org\/wp-content\/uploads\/2025\/10\/Blog-Headers-13.png 1280w\" sizes=\"(max-width: 300px) 100vw, 300px\" \/><\/div>\n\t\t<\/a>\n\t\t\t\t<div class=\"elementor-post__text\">\n\t\t\t\t<h3 class=\"elementor-post__title\">\n\t\t\t<a href=\"https:\/\/carecenter-okc.org\/es\/10-4-facesp-a-tool-to-spot-possible-child-abuse-in-children-4-under\/\" >\n\t\t\t\t10-4-FACESp: A Tool to Spot Possible Child Abuse In Children 4 &amp; Under\t\t\t<\/a>\n\t\t<\/h3>\n\t\t\t\t<div class=\"elementor-post__meta-data\">\n\t\t\t\t\t<span class=\"elementor-post-date\">\n\t\t\toctubre 3, 2025\t\t<\/span>\n\t\t\t\t<span class=\"elementor-post-avatar\">\n\t\t\tNo hay comentarios\t\t<\/span>\n\t\t\t\t<\/div>\n\t\t\t\t<div class=\"elementor-post__excerpt\">\n\t\t\t<p>Learn how to spot child abuse in children under 4 and celebrate 10-4 day with Oklahoma medical providers!<\/p>\n\t\t<\/div>\n\t\t\n\t\t<a class=\"elementor-post__read-more\" href=\"https:\/\/carecenter-okc.org\/es\/10-4-facesp-a-tool-to-spot-possible-child-abuse-in-children-4-under\/\" aria-label=\"Read more about 10-4-FACESp: A Tool to Spot Possible Child Abuse In Children 4 &amp; Under\" tabindex=\"-1\" >\n\t\t\tLee mas &quot;\t\t<\/a>\n\n\t\t\t\t<\/div>\n\t\t\t\t<\/article>\n\t\t\t\t<article class=\"elementor-post elementor-grid-item post-15274 post type-post status-publish format-standard has-post-thumbnail hentry category-digital-resources category-education tag-child-abuse tag-child-advocacy tag-children tag-prevention tag-roar\" role=\"listitem\">\n\t\t\t\t<a class=\"elementor-post__thumbnail__link\" href=\"https:\/\/carecenter-okc.org\/es\/roar-expands-child-abuse-prevention-book-adds-spanish-second-edition\/\" tabindex=\"-1\" >\n\t\t\t<div class=\"elementor-post__thumbnail\"><img loading=\"lazy\" decoding=\"async\" width=\"300\" height=\"169\" src=\"https:\/\/carecenter-okc.org\/wp-content\/uploads\/2025\/08\/Blog-Headers-9-300x169.png\" class=\"attachment-medium size-medium wp-image-15112\" alt=\"\" srcset=\"https:\/\/carecenter-okc.org\/wp-content\/uploads\/2025\/08\/Blog-Headers-9-300x169.png 300w, https:\/\/carecenter-okc.org\/wp-content\/uploads\/2025\/08\/Blog-Headers-9-1024x576.png 1024w, https:\/\/carecenter-okc.org\/wp-content\/uploads\/2025\/08\/Blog-Headers-9-768x432.png 768w, https:\/\/carecenter-okc.org\/wp-content\/uploads\/2025\/08\/Blog-Headers-9-18x10.png 18w, https:\/\/carecenter-okc.org\/wp-content\/uploads\/2025\/08\/Blog-Headers-9.png 1280w\" sizes=\"(max-width: 300px) 100vw, 300px\" \/><\/div>\n\t\t<\/a>\n\t\t\t\t<div class=\"elementor-post__text\">\n\t\t\t\t<h3 class=\"elementor-post__title\">\n\t\t\t<a href=\"https:\/\/carecenter-okc.org\/es\/roar-expands-child-abuse-prevention-book-adds-spanish-second-edition\/\" >\n\t\t\t\tROAR Expands: Child Abuse Prevention Book Adds Spanish &amp; Second Edition\t\t\t<\/a>\n\t\t<\/h3>\n\t\t\t\t<div class=\"elementor-post__meta-data\">\n\t\t\t\t\t<span class=\"elementor-post-date\">\n\t\t\tseptiembre 30, 2025\t\t<\/span>\n\t\t\t\t<span class=\"elementor-post-avatar\">\n\t\t\tNo hay comentarios\t\t<\/span>\n\t\t\t\t<\/div>\n\t\t\t\t<div class=\"elementor-post__excerpt\">\n\t\t\t<p>Rex is back! Learn how the children in your life can find their ROAR with Rex!<\/p>\n\t\t<\/div>\n\t\t\n\t\t<a class=\"elementor-post__read-more\" href=\"https:\/\/carecenter-okc.org\/es\/roar-expands-child-abuse-prevention-book-adds-spanish-second-edition\/\" aria-label=\"Read more about ROAR Expands: Child Abuse Prevention Book Adds Spanish &amp; Second Edition\" tabindex=\"-1\" >\n\t\t\tLee mas &quot;\t\t<\/a>\n\n\t\t\t\t<\/div>\n\t\t\t\t<\/article>\n\t\t\t\t<article class=\"elementor-post elementor-grid-item post-15267 post type-post status-publish format-standard has-post-thumbnail hentry category-news tag-child-advocacy tag-children tag-education\" role=\"listitem\">\n\t\t\t\t<a class=\"elementor-post__thumbnail__link\" href=\"https:\/\/carecenter-okc.org\/es\/what-caregivers-should-know-about-child-safety\/\" tabindex=\"-1\" >\n\t\t\t<div class=\"elementor-post__thumbnail\"><img loading=\"lazy\" decoding=\"async\" width=\"300\" height=\"169\" src=\"https:\/\/carecenter-okc.org\/wp-content\/uploads\/2025\/09\/Blog-Headers-10-300x169.png\" class=\"attachment-medium size-medium wp-image-15272\" alt=\"\" srcset=\"https:\/\/carecenter-okc.org\/wp-content\/uploads\/2025\/09\/Blog-Headers-10-300x169.png 300w, https:\/\/carecenter-okc.org\/wp-content\/uploads\/2025\/09\/Blog-Headers-10-1024x576.png 1024w, https:\/\/carecenter-okc.org\/wp-content\/uploads\/2025\/09\/Blog-Headers-10-768x432.png 768w, https:\/\/carecenter-okc.org\/wp-content\/uploads\/2025\/09\/Blog-Headers-10-18x10.png 18w, https:\/\/carecenter-okc.org\/wp-content\/uploads\/2025\/09\/Blog-Headers-10.png 1280w\" sizes=\"(max-width: 300px) 100vw, 300px\" \/><\/div>\n\t\t<\/a>\n\t\t\t\t<div class=\"elementor-post__text\">\n\t\t\t\t<h3 class=\"elementor-post__title\">\n\t\t\t<a href=\"https:\/\/carecenter-okc.org\/es\/what-caregivers-should-know-about-child-safety\/\" >\n\t\t\t\tWhat Caregivers Should Know About Child Safety\t\t\t<\/a>\n\t\t<\/h3>\n\t\t\t\t<div class=\"elementor-post__meta-data\">\n\t\t\t\t\t<span class=\"elementor-post-date\">\n\t\t\tseptiembre 29, 2025\t\t<\/span>\n\t\t\t\t<span class=\"elementor-post-avatar\">\n\t\t\tNo hay comentarios\t\t<\/span>\n\t\t\t\t<\/div>\n\t\t\t\t<div class=\"elementor-post__excerpt\">\n\t\t\t<p>Whitney, coordinadora de salud mental en The CARE Center, comparte c\u00f3mo Nelson, un perro de terapia en entrenamiento, ayudar\u00e1 a los ni\u00f1os a sanar despu\u00e9s del abuso. <\/p>\n\t\t<\/div>\n\t\t\n\t\t<a class=\"elementor-post__read-more\" href=\"https:\/\/carecenter-okc.org\/es\/what-caregivers-should-know-about-child-safety\/\" aria-label=\"Read more about What Caregivers Should Know About Child Safety\" tabindex=\"-1\" >\n\t\t\tLee mas &quot;\t\t<\/a>\n\n\t\t\t\t<\/div>\n\t\t\t\t<\/article>\n\t\t\t\t<article class=\"elementor-post elementor-grid-item post-15069 post type-post status-publish format-standard has-post-thumbnail hentry category-advocacy category-education category-victim-services tag-child-advocacy tag-children tag-prevention tag-technology tag-victim-services\" role=\"listitem\">\n\t\t\t\t<a class=\"elementor-post__thumbnail__link\" href=\"https:\/\/carecenter-okc.org\/es\/staying-safe-online-how-caregivers-can-spot-the-signs-of-online-grooming\/\" tabindex=\"-1\" >\n\t\t\t<div class=\"elementor-post__thumbnail\"><img loading=\"lazy\" decoding=\"async\" width=\"300\" height=\"169\" src=\"https:\/\/carecenter-okc.org\/wp-content\/uploads\/2025\/08\/Blog-Headers-9-300x169.png\" class=\"attachment-medium size-medium wp-image-15112\" alt=\"\" srcset=\"https:\/\/carecenter-okc.org\/wp-content\/uploads\/2025\/08\/Blog-Headers-9-300x169.png 300w, https:\/\/carecenter-okc.org\/wp-content\/uploads\/2025\/08\/Blog-Headers-9-1024x576.png 1024w, https:\/\/carecenter-okc.org\/wp-content\/uploads\/2025\/08\/Blog-Headers-9-768x432.png 768w, https:\/\/carecenter-okc.org\/wp-content\/uploads\/2025\/08\/Blog-Headers-9-18x10.png 18w, https:\/\/carecenter-okc.org\/wp-content\/uploads\/2025\/08\/Blog-Headers-9.png 1280w\" sizes=\"(max-width: 300px) 100vw, 300px\" \/><\/div>\n\t\t<\/a>\n\t\t\t\t<div class=\"elementor-post__text\">\n\t\t\t\t<h3 class=\"elementor-post__title\">\n\t\t\t<a href=\"https:\/\/carecenter-okc.org\/es\/staying-safe-online-how-caregivers-can-spot-the-signs-of-online-grooming\/\" >\n\t\t\t\tStaying Safe Online: How Caregivers Can Spot the Signs of Online Grooming\t\t\t<\/a>\n\t\t<\/h3>\n\t\t\t\t<div class=\"elementor-post__meta-data\">\n\t\t\t\t\t<span class=\"elementor-post-date\">\n\t\t\tagosto 20, 2025\t\t<\/span>\n\t\t\t\t<span class=\"elementor-post-avatar\">\n\t\t\tNo hay comentarios\t\t<\/span>\n\t\t\t\t<\/div>\n\t\t\t\t<div class=\"elementor-post__excerpt\">\n\t\t\t<p>Learn how you can keep the children in your life safe from online grooming techniques. <\/p>\n\t\t<\/div>\n\t\t\n\t\t<a class=\"elementor-post__read-more\" href=\"https:\/\/carecenter-okc.org\/es\/staying-safe-online-how-caregivers-can-spot-the-signs-of-online-grooming\/\" aria-label=\"Read more about Staying Safe Online: How Caregivers Can Spot the Signs of Online Grooming\" tabindex=\"-1\" >\n\t\t\tLee mas &quot;\t\t<\/a>\n\n\t\t\t\t<\/div>\n\t\t\t\t<\/article>\n\t\t\t\t<\/div>\n\t\t\n\t\t\t\t\t\t<\/div>\n\t\t\t\t<\/div>\n\t\t\t\t\t<\/div>\n\t\t<\/div>\n\t\t\t\t\t<\/div>\n\t\t<\/section>\n\t\t\t\t<\/div>","protected":false},"excerpt":{"rendered":"<p>Este plan de seguridad tecnol\u00f3gica ha sido proporcionado por la Red Nacional para Terminar con la Violencia Dom\u00e9stica con la esperanza de que aumente la seguridad tecnol\u00f3gica para las v\u00edctimas de violencia dom\u00e9stica y abuso sexual. <\/p>","protected":false},"author":1,"featured_media":12784,"comment_status":"open","ping_status":"open","sticky":false,"template":"","format":"standard","meta":{"_acf_changed":false,"om_disable_all_campaigns":false,"_monsterinsights_skip_tracking":false,"_monsterinsights_sitenote_active":false,"_monsterinsights_sitenote_note":"","_monsterinsights_sitenote_category":0,"_uf_show_specific_survey":0,"_uf_disable_surveys":false,"site-sidebar-layout":"default","site-content-layout":"","ast-site-content-layout":"default","site-content-style":"default","site-sidebar-style":"default","ast-global-header-display":"","ast-banner-title-visibility":"","ast-main-header-display":"","ast-hfb-above-header-display":"","ast-hfb-below-header-display":"","ast-hfb-mobile-header-display":"","site-post-title":"","ast-breadcrumbs-content":"","ast-featured-img":"","footer-sml-layout":"","theme-transparent-header-meta":"","adv-header-id-meta":"","stick-header-meta":"","header-above-stick-meta":"","header-main-stick-meta":"","header-below-stick-meta":"","astra-migrate-meta-layouts":"set","ast-page-background-enabled":"default","ast-page-background-meta":{"desktop":{"background-color":"","background-image":"","background-repeat":"repeat","background-position":"center center","background-size":"auto","background-attachment":"scroll","background-type":"","background-media":"","overlay-type":"","overlay-color":"","overlay-opacity":"","overlay-gradient":""},"tablet":{"background-color":"","background-image":"","background-repeat":"repeat","background-position":"center center","background-size":"auto","background-attachment":"scroll","background-type":"","background-media":"","overlay-type":"","overlay-color":"","overlay-opacity":"","overlay-gradient":""},"mobile":{"background-color":"","background-image":"","background-repeat":"repeat","background-position":"center center","background-size":"auto","background-attachment":"scroll","background-type":"","background-media":"","overlay-type":"","overlay-color":"","overlay-opacity":"","overlay-gradient":""}},"ast-content-background-meta":{"desktop":{"background-color":"var(--ast-global-color-5)","background-image":"","background-repeat":"repeat","background-position":"center center","background-size":"auto","background-attachment":"scroll","background-type":"","background-media":"","overlay-type":"","overlay-color":"","overlay-opacity":"","overlay-gradient":""},"tablet":{"background-color":"var(--ast-global-color-5)","background-image":"","background-repeat":"repeat","background-position":"center center","background-size":"auto","background-attachment":"scroll","background-type":"","background-media":"","overlay-type":"","overlay-color":"","overlay-opacity":"","overlay-gradient":""},"mobile":{"background-color":"var(--ast-global-color-5)","background-image":"","background-repeat":"repeat","background-position":"center center","background-size":"auto","background-attachment":"scroll","background-type":"","background-media":"","overlay-type":"","overlay-color":"","overlay-opacity":"","overlay-gradient":""}},"footnotes":""},"categories":[13,1117],"tags":[],"class_list":["post-6687","post","type-post","status-publish","format-standard","has-post-thumbnail","hentry","category-education","category-events"],"acf":[],"yoast_head":"<!-- This site is optimized with the Yoast SEO Premium plugin v26.5 (Yoast SEO v27.4) - https:\/\/yoast.com\/product\/yoast-seo-premium-wordpress\/ -->\n<title>50,000 Children educated - The CARE Center<\/title>\n<meta name=\"description\" content=\"This technology safety plan has been provided by the National Network to End Domestic Violence in the hope that it will increase technology safety for victims of domestic violence and sexual abuse.\" \/>\n<meta name=\"robots\" content=\"index, follow, max-snippet:-1, max-image-preview:large, max-video-preview:-1\" \/>\n<link rel=\"canonical\" href=\"https:\/\/carecenter-okc.org\/es\/50000-children-educated\/\" \/>\n<meta property=\"og:locale\" content=\"es_MX\" \/>\n<meta property=\"og:type\" content=\"article\" \/>\n<meta property=\"og:title\" content=\"50,000 Children educated\" \/>\n<meta property=\"og:description\" content=\"This technology safety plan has been provided by the National Network to End Domestic Violence in the hope that it will increase technology safety for victims of domestic violence and sexual abuse.\" \/>\n<meta property=\"og:url\" content=\"https:\/\/carecenter-okc.org\/es\/50000-children-educated\/\" \/>\n<meta property=\"og:site_name\" content=\"The CARE Center\" \/>\n<meta property=\"article:published_time\" content=\"2022-06-01T20:17:35+00:00\" \/>\n<meta property=\"article:modified_time\" content=\"2024-12-09T15:52:57+00:00\" \/>\n<meta property=\"og:image\" content=\"https:\/\/carecenter-okc.org\/wp-content\/uploads\/2022\/06\/Blog-Headers-27.png\" \/>\n\t<meta property=\"og:image:width\" content=\"1280\" \/>\n\t<meta property=\"og:image:height\" content=\"720\" \/>\n\t<meta property=\"og:image:type\" content=\"image\/png\" \/>\n<meta name=\"author\" content=\"admin\" \/>\n<meta name=\"twitter:card\" content=\"summary_large_image\" \/>\n<meta name=\"twitter:label1\" content=\"Escrito por\" \/>\n\t<meta name=\"twitter:data1\" content=\"admin\" \/>\n\t<meta name=\"twitter:label2\" content=\"Tiempo de lectura\" \/>\n\t<meta name=\"twitter:data2\" content=\"3 minutos\" \/>\n<script type=\"application\/ld+json\" class=\"yoast-schema-graph\">{\"@context\":\"https:\\\/\\\/schema.org\",\"@graph\":[{\"@type\":\"Article\",\"@id\":\"https:\\\/\\\/carecenter-okc.org\\\/50000-children-educated\\\/#article\",\"isPartOf\":{\"@id\":\"https:\\\/\\\/carecenter-okc.org\\\/50000-children-educated\\\/\"},\"author\":{\"name\":\"admin\",\"@id\":\"https:\\\/\\\/carecenter-okc.org\\\/#\\\/schema\\\/person\\\/ac558fbe7f07011f58e618e57bed4705\"},\"headline\":\"50,000 Children educated\",\"datePublished\":\"2022-06-01T20:17:35+00:00\",\"dateModified\":\"2024-12-09T15:52:57+00:00\",\"mainEntityOfPage\":{\"@id\":\"https:\\\/\\\/carecenter-okc.org\\\/50000-children-educated\\\/\"},\"wordCount\":427,\"commentCount\":0,\"publisher\":{\"@id\":\"https:\\\/\\\/carecenter-okc.org\\\/#organization\"},\"image\":{\"@id\":\"https:\\\/\\\/carecenter-okc.org\\\/50000-children-educated\\\/#primaryimage\"},\"thumbnailUrl\":\"https:\\\/\\\/carecenter-okc.org\\\/wp-content\\\/uploads\\\/2022\\\/06\\\/Blog-Headers-27.png\",\"articleSection\":[\"Education\",\"Events\"],\"inLanguage\":\"es\",\"potentialAction\":[{\"@type\":\"CommentAction\",\"name\":\"Comment\",\"target\":[\"https:\\\/\\\/carecenter-okc.org\\\/50000-children-educated\\\/#respond\"]}]},{\"@type\":\"WebPage\",\"@id\":\"https:\\\/\\\/carecenter-okc.org\\\/50000-children-educated\\\/\",\"url\":\"https:\\\/\\\/carecenter-okc.org\\\/50000-children-educated\\\/\",\"name\":\"50,000 Children educated - The CARE Center\",\"isPartOf\":{\"@id\":\"https:\\\/\\\/carecenter-okc.org\\\/#website\"},\"primaryImageOfPage\":{\"@id\":\"https:\\\/\\\/carecenter-okc.org\\\/50000-children-educated\\\/#primaryimage\"},\"image\":{\"@id\":\"https:\\\/\\\/carecenter-okc.org\\\/50000-children-educated\\\/#primaryimage\"},\"thumbnailUrl\":\"https:\\\/\\\/carecenter-okc.org\\\/wp-content\\\/uploads\\\/2022\\\/06\\\/Blog-Headers-27.png\",\"datePublished\":\"2022-06-01T20:17:35+00:00\",\"dateModified\":\"2024-12-09T15:52:57+00:00\",\"description\":\"This technology safety plan has been provided by the National Network to End Domestic Violence in the hope that it will increase technology safety for victims of domestic violence and sexual abuse.\",\"breadcrumb\":{\"@id\":\"https:\\\/\\\/carecenter-okc.org\\\/50000-children-educated\\\/#breadcrumb\"},\"inLanguage\":\"es\",\"potentialAction\":[{\"@type\":\"ReadAction\",\"target\":[\"https:\\\/\\\/carecenter-okc.org\\\/50000-children-educated\\\/\"]}]},{\"@type\":\"ImageObject\",\"inLanguage\":\"es\",\"@id\":\"https:\\\/\\\/carecenter-okc.org\\\/50000-children-educated\\\/#primaryimage\",\"url\":\"https:\\\/\\\/carecenter-okc.org\\\/wp-content\\\/uploads\\\/2022\\\/06\\\/Blog-Headers-27.png\",\"contentUrl\":\"https:\\\/\\\/carecenter-okc.org\\\/wp-content\\\/uploads\\\/2022\\\/06\\\/Blog-Headers-27.png\",\"width\":1280,\"height\":720},{\"@type\":\"BreadcrumbList\",\"@id\":\"https:\\\/\\\/carecenter-okc.org\\\/50000-children-educated\\\/#breadcrumb\",\"itemListElement\":[{\"@type\":\"ListItem\",\"position\":1,\"name\":\"Home\",\"item\":\"https:\\\/\\\/carecenter-okc.org\\\/\"},{\"@type\":\"ListItem\",\"position\":2,\"name\":\"50,000 Children educated\"}]},{\"@type\":\"WebSite\",\"@id\":\"https:\\\/\\\/carecenter-okc.org\\\/#website\",\"url\":\"https:\\\/\\\/carecenter-okc.org\\\/\",\"name\":\"The CARE Center\",\"description\":\"Oklahoma County&#039;s Child Advocacy Center\",\"publisher\":{\"@id\":\"https:\\\/\\\/carecenter-okc.org\\\/#organization\"},\"potentialAction\":[{\"@type\":\"SearchAction\",\"target\":{\"@type\":\"EntryPoint\",\"urlTemplate\":\"https:\\\/\\\/carecenter-okc.org\\\/?s={search_term_string}\"},\"query-input\":{\"@type\":\"PropertyValueSpecification\",\"valueRequired\":true,\"valueName\":\"search_term_string\"}}],\"inLanguage\":\"es\"},{\"@type\":\"Organization\",\"@id\":\"https:\\\/\\\/carecenter-okc.org\\\/#organization\",\"name\":\"The CARE Center\",\"url\":\"https:\\\/\\\/carecenter-okc.org\\\/\",\"logo\":{\"@type\":\"ImageObject\",\"inLanguage\":\"es\",\"@id\":\"https:\\\/\\\/carecenter-okc.org\\\/#\\\/schema\\\/logo\\\/image\\\/\",\"url\":\"https:\\\/\\\/carecenter-okc.org\\\/wp-content\\\/uploads\\\/2020\\\/05\\\/CARELogo_Horiz_A.png\",\"contentUrl\":\"https:\\\/\\\/carecenter-okc.org\\\/wp-content\\\/uploads\\\/2020\\\/05\\\/CARELogo_Horiz_A.png\",\"width\":9462,\"height\":2194,\"caption\":\"The CARE Center\"},\"image\":{\"@id\":\"https:\\\/\\\/carecenter-okc.org\\\/#\\\/schema\\\/logo\\\/image\\\/\"}},{\"@type\":\"Person\",\"@id\":\"https:\\\/\\\/carecenter-okc.org\\\/#\\\/schema\\\/person\\\/ac558fbe7f07011f58e618e57bed4705\",\"name\":\"admin\",\"image\":{\"@type\":\"ImageObject\",\"inLanguage\":\"es\",\"@id\":\"https:\\\/\\\/secure.gravatar.com\\\/avatar\\\/f62afb22e8a78fd0223f966616f28ac9b58c7302f6b3e64242c0cc37419271b3?s=96&d=mm&r=g\",\"url\":\"https:\\\/\\\/secure.gravatar.com\\\/avatar\\\/f62afb22e8a78fd0223f966616f28ac9b58c7302f6b3e64242c0cc37419271b3?s=96&d=mm&r=g\",\"contentUrl\":\"https:\\\/\\\/secure.gravatar.com\\\/avatar\\\/f62afb22e8a78fd0223f966616f28ac9b58c7302f6b3e64242c0cc37419271b3?s=96&d=mm&r=g\",\"caption\":\"admin\"}}]}<\/script>\n<!-- \/ Yoast SEO Premium plugin. -->","yoast_head_json":{"title":"50,000 Children educated - The CARE Center","description":"Este plan de seguridad tecnol\u00f3gica ha sido proporcionado por la Red Nacional para Terminar con la Violencia Dom\u00e9stica con la esperanza de que aumente la seguridad tecnol\u00f3gica para las v\u00edctimas de violencia dom\u00e9stica y abuso sexual.","robots":{"index":"index","follow":"follow","max-snippet":"max-snippet:-1","max-image-preview":"max-image-preview:large","max-video-preview":"max-video-preview:-1"},"canonical":"https:\/\/carecenter-okc.org\/es\/50000-children-educated\/","og_locale":"es_MX","og_type":"article","og_title":"50,000 Children educated","og_description":"This technology safety plan has been provided by the National Network to End Domestic Violence in the hope that it will increase technology safety for victims of domestic violence and sexual abuse.","og_url":"https:\/\/carecenter-okc.org\/es\/50000-children-educated\/","og_site_name":"The CARE Center","article_published_time":"2022-06-01T20:17:35+00:00","article_modified_time":"2024-12-09T15:52:57+00:00","og_image":[{"width":1280,"height":720,"url":"https:\/\/carecenter-okc.org\/wp-content\/uploads\/2022\/06\/Blog-Headers-27.png","type":"image\/png"}],"author":"admin","twitter_card":"summary_large_image","twitter_misc":{"Escrito por":"admin","Tiempo de lectura":"3 minutos"},"schema":{"@context":"https:\/\/schema.org","@graph":[{"@type":"Article","@id":"https:\/\/carecenter-okc.org\/50000-children-educated\/#article","isPartOf":{"@id":"https:\/\/carecenter-okc.org\/50000-children-educated\/"},"author":{"name":"admin","@id":"https:\/\/carecenter-okc.org\/#\/schema\/person\/ac558fbe7f07011f58e618e57bed4705"},"headline":"50,000 Children educated","datePublished":"2022-06-01T20:17:35+00:00","dateModified":"2024-12-09T15:52:57+00:00","mainEntityOfPage":{"@id":"https:\/\/carecenter-okc.org\/50000-children-educated\/"},"wordCount":427,"commentCount":0,"publisher":{"@id":"https:\/\/carecenter-okc.org\/#organization"},"image":{"@id":"https:\/\/carecenter-okc.org\/50000-children-educated\/#primaryimage"},"thumbnailUrl":"https:\/\/carecenter-okc.org\/wp-content\/uploads\/2022\/06\/Blog-Headers-27.png","articleSection":["Education","Events"],"inLanguage":"es","potentialAction":[{"@type":"CommentAction","name":"Comment","target":["https:\/\/carecenter-okc.org\/50000-children-educated\/#respond"]}]},{"@type":"WebPage","@id":"https:\/\/carecenter-okc.org\/50000-children-educated\/","url":"https:\/\/carecenter-okc.org\/50000-children-educated\/","name":"50,000 Children educated - The CARE Center","isPartOf":{"@id":"https:\/\/carecenter-okc.org\/#website"},"primaryImageOfPage":{"@id":"https:\/\/carecenter-okc.org\/50000-children-educated\/#primaryimage"},"image":{"@id":"https:\/\/carecenter-okc.org\/50000-children-educated\/#primaryimage"},"thumbnailUrl":"https:\/\/carecenter-okc.org\/wp-content\/uploads\/2022\/06\/Blog-Headers-27.png","datePublished":"2022-06-01T20:17:35+00:00","dateModified":"2024-12-09T15:52:57+00:00","description":"Este plan de seguridad tecnol\u00f3gica ha sido proporcionado por la Red Nacional para Terminar con la Violencia Dom\u00e9stica con la esperanza de que aumente la seguridad tecnol\u00f3gica para las v\u00edctimas de violencia dom\u00e9stica y abuso sexual.","breadcrumb":{"@id":"https:\/\/carecenter-okc.org\/50000-children-educated\/#breadcrumb"},"inLanguage":"es","potentialAction":[{"@type":"ReadAction","target":["https:\/\/carecenter-okc.org\/50000-children-educated\/"]}]},{"@type":"ImageObject","inLanguage":"es","@id":"https:\/\/carecenter-okc.org\/50000-children-educated\/#primaryimage","url":"https:\/\/carecenter-okc.org\/wp-content\/uploads\/2022\/06\/Blog-Headers-27.png","contentUrl":"https:\/\/carecenter-okc.org\/wp-content\/uploads\/2022\/06\/Blog-Headers-27.png","width":1280,"height":720},{"@type":"BreadcrumbList","@id":"https:\/\/carecenter-okc.org\/50000-children-educated\/#breadcrumb","itemListElement":[{"@type":"ListItem","position":1,"name":"Home","item":"https:\/\/carecenter-okc.org\/"},{"@type":"ListItem","position":2,"name":"50,000 Children educated"}]},{"@type":"WebSite","@id":"https:\/\/carecenter-okc.org\/#website","url":"https:\/\/carecenter-okc.org\/","name":"El Centro CARE","description":"Oklahoma County&#039;s Child Advocacy Center","publisher":{"@id":"https:\/\/carecenter-okc.org\/#organization"},"potentialAction":[{"@type":"SearchAction","target":{"@type":"EntryPoint","urlTemplate":"https:\/\/carecenter-okc.org\/?s={search_term_string}"},"query-input":{"@type":"PropertyValueSpecification","valueRequired":true,"valueName":"search_term_string"}}],"inLanguage":"es"},{"@type":"Organization","@id":"https:\/\/carecenter-okc.org\/#organization","name":"El Centro CARE","url":"https:\/\/carecenter-okc.org\/","logo":{"@type":"ImageObject","inLanguage":"es","@id":"https:\/\/carecenter-okc.org\/#\/schema\/logo\/image\/","url":"https:\/\/carecenter-okc.org\/wp-content\/uploads\/2020\/05\/CARELogo_Horiz_A.png","contentUrl":"https:\/\/carecenter-okc.org\/wp-content\/uploads\/2020\/05\/CARELogo_Horiz_A.png","width":9462,"height":2194,"caption":"The CARE Center"},"image":{"@id":"https:\/\/carecenter-okc.org\/#\/schema\/logo\/image\/"}},{"@type":"Person","@id":"https:\/\/carecenter-okc.org\/#\/schema\/person\/ac558fbe7f07011f58e618e57bed4705","name":"administraci\u00f3n","image":{"@type":"ImageObject","inLanguage":"es","@id":"https:\/\/secure.gravatar.com\/avatar\/f62afb22e8a78fd0223f966616f28ac9b58c7302f6b3e64242c0cc37419271b3?s=96&d=mm&r=g","url":"https:\/\/secure.gravatar.com\/avatar\/f62afb22e8a78fd0223f966616f28ac9b58c7302f6b3e64242c0cc37419271b3?s=96&d=mm&r=g","contentUrl":"https:\/\/secure.gravatar.com\/avatar\/f62afb22e8a78fd0223f966616f28ac9b58c7302f6b3e64242c0cc37419271b3?s=96&d=mm&r=g","caption":"admin"}}]}},"_links":{"self":[{"href":"https:\/\/carecenter-okc.org\/es\/wp-json\/wp\/v2\/posts\/6687","targetHints":{"allow":["GET"]}}],"collection":[{"href":"https:\/\/carecenter-okc.org\/es\/wp-json\/wp\/v2\/posts"}],"about":[{"href":"https:\/\/carecenter-okc.org\/es\/wp-json\/wp\/v2\/types\/post"}],"author":[{"embeddable":true,"href":"https:\/\/carecenter-okc.org\/es\/wp-json\/wp\/v2\/users\/1"}],"replies":[{"embeddable":true,"href":"https:\/\/carecenter-okc.org\/es\/wp-json\/wp\/v2\/comments?post=6687"}],"version-history":[{"count":7,"href":"https:\/\/carecenter-okc.org\/es\/wp-json\/wp\/v2\/posts\/6687\/revisions"}],"predecessor-version":[{"id":12786,"href":"https:\/\/carecenter-okc.org\/es\/wp-json\/wp\/v2\/posts\/6687\/revisions\/12786"}],"wp:featuredmedia":[{"embeddable":true,"href":"https:\/\/carecenter-okc.org\/es\/wp-json\/wp\/v2\/media\/12784"}],"wp:attachment":[{"href":"https:\/\/carecenter-okc.org\/es\/wp-json\/wp\/v2\/media?parent=6687"}],"wp:term":[{"taxonomy":"category","embeddable":true,"href":"https:\/\/carecenter-okc.org\/es\/wp-json\/wp\/v2\/categories?post=6687"},{"taxonomy":"post_tag","embeddable":true,"href":"https:\/\/carecenter-okc.org\/es\/wp-json\/wp\/v2\/tags?post=6687"}],"curies":[{"name":"wp","href":"https:\/\/api.w.org\/{rel}","templated":true}]}}