{"id":4224,"date":"2021-02-09T16:23:19","date_gmt":"2021-02-09T22:23:19","guid":{"rendered":"https:\/\/carecenter-okc.org\/?p=4224"},"modified":"2024-12-09T10:22:02","modified_gmt":"2024-12-09T16:22:02","slug":"collaborative-care-board-member-feature-denise-cramer","status":"publish","type":"post","link":"https:\/\/carecenter-okc.org\/es\/collaborative-care-board-member-feature-denise-cramer\/","title":{"rendered":"CARE Colaborativo \/ Miembro de la Junta: Denise Cramer"},"content":{"rendered":"<div data-elementor-type=\"wp-post\" data-elementor-id=\"4224\" class=\"elementor elementor-4224\" data-elementor-post-type=\"post\">\n\t\t\t\t\t\t<section class=\"elementor-section elementor-top-section elementor-element elementor-element-8f9025b elementor-section-boxed elementor-section-height-default elementor-section-height-default\" data-id=\"8f9025b\" data-element_type=\"section\" data-e-type=\"section\">\n\t\t\t\t\t\t<div class=\"elementor-container elementor-column-gap-default\">\n\t\t\t\t\t<div class=\"elementor-column elementor-col-100 elementor-top-column elementor-element elementor-element-953fe27\" data-id=\"953fe27\" data-element_type=\"column\" data-e-type=\"column\">\n\t\t\t<div class=\"elementor-widget-wrap elementor-element-populated\">\n\t\t\t\t\t\t<div class=\"elementor-element elementor-element-2dd160e7 elementor-widget elementor-widget-heading\" data-id=\"2dd160e7\" data-element_type=\"widget\" data-e-type=\"widget\" data-widget_type=\"heading.default\">\n\t\t\t\t<div class=\"elementor-widget-container\">\n\t\t\t\t\t<h2 class=\"elementor-heading-title elementor-size-default\">CUIDADO COLABORATIVO <\/h2>\t\t\t\t<\/div>\n\t\t\t\t<\/div>\n\t\t\t\t<div class=\"elementor-element elementor-element-c3112ae elementor-widget elementor-widget-heading\" data-id=\"c3112ae\" data-element_type=\"widget\" data-e-type=\"widget\" data-widget_type=\"heading.default\">\n\t\t\t\t<div class=\"elementor-widget-container\">\n\t\t\t\t\t<h2 class=\"elementor-heading-title elementor-size-large\">Art\u00edculo de miembro de la junta: Denise Cramer<\/h2>\t\t\t\t<\/div>\n\t\t\t\t<\/div>\n\t\t\t\t\t<\/div>\n\t\t<\/div>\n\t\t\t\t\t<\/div>\n\t\t<\/section>\n\t\t\t\t<section class=\"elementor-section elementor-top-section elementor-element elementor-element-6d146ba8 elementor-section-boxed elementor-section-height-default elementor-section-height-default\" data-id=\"6d146ba8\" data-element_type=\"section\" data-e-type=\"section\">\n\t\t\t\t\t\t<div class=\"elementor-container elementor-column-gap-default\">\n\t\t\t\t\t<div class=\"elementor-column elementor-col-100 elementor-top-column elementor-element elementor-element-1b61e525\" data-id=\"1b61e525\" data-element_type=\"column\" data-e-type=\"column\">\n\t\t\t<div class=\"elementor-widget-wrap elementor-element-populated\">\n\t\t\t\t\t\t<div class=\"elementor-element elementor-element-395e5f7 elementor-widget elementor-widget-image\" data-id=\"395e5f7\" data-element_type=\"widget\" data-e-type=\"widget\" data-widget_type=\"image.default\">\n\t\t\t\t<div class=\"elementor-widget-container\">\n\t\t\t\t\t\t\t\t\t\t\t\t\t\t\t<img fetchpriority=\"high\" decoding=\"async\" width=\"300\" height=\"300\" src=\"https:\/\/carecenter-okc.org\/wp-content\/uploads\/2021\/02\/denisekramer_circle-300x300.png\" class=\"attachment-medium size-medium wp-image-4229\" alt=\"\" srcset=\"https:\/\/carecenter-okc.org\/wp-content\/uploads\/2021\/02\/denisekramer_circle-300x300.png 300w, https:\/\/carecenter-okc.org\/wp-content\/uploads\/2021\/02\/denisekramer_circle-1024x1024.png 1024w, https:\/\/carecenter-okc.org\/wp-content\/uploads\/2021\/02\/denisekramer_circle-150x150.png 150w, https:\/\/carecenter-okc.org\/wp-content\/uploads\/2021\/02\/denisekramer_circle-768x768.png 768w, https:\/\/carecenter-okc.org\/wp-content\/uploads\/2021\/02\/denisekramer_circle-1536x1536.png 1536w, https:\/\/carecenter-okc.org\/wp-content\/uploads\/2021\/02\/denisekramer_circle-2048x2048.png 2048w\" sizes=\"(max-width: 300px) 100vw, 300px\" \/>\t\t\t\t\t\t\t\t\t\t\t\t\t\t\t<\/div>\n\t\t\t\t<\/div>\n\t\t\t\t<div class=\"elementor-element elementor-element-7cb0a835 elementor-widget elementor-widget-text-editor\" data-id=\"7cb0a835\" data-element_type=\"widget\" data-e-type=\"widget\" data-widget_type=\"text-editor.default\">\n\t\t\t\t<div class=\"elementor-widget-container\">\n\t\t\t\t\t\t\t\t\t<p><span style=\"font-weight: 400;\">Mientras asist\u00eda al Brave Ball 2017, Denise Cramer se sinti\u00f3 conmovida por la historia de curaci\u00f3n de un sobreviviente a trav\u00e9s de los servicios del Centro CARE. Inspirada por el trabajo de la organizaci\u00f3n sin fines de lucro para terminar con el abuso infantil en el condado de Oklahoma, Denise convirti\u00f3 su empat\u00eda en acci\u00f3n.\u00a0<\/span><span style=\"font-weight: 400;\">Ahora, la Vicepresidenta y Asesora de Fideicomisos del Bank of Oklahoma dedica su tiempo personal como vicepresidenta de la Junta del Centro CARE. En este rol, Denise trabaja para reclutar a otros defensores para invertir tiempo y recursos para impulsar los servicios cruciales del Centro CARE.<\/span><\/p><p><span style=\"font-weight: 400;\">\u201cLa idea de que una familia necesite nuestros servicios pero no tenga acceso a ellos es aterradora\u201d, dijo Denise. \u201cEl abuso es algo insoportable para un ni\u00f1o, pero el Centro CARE est\u00e1 ah\u00ed para guiar a cada ni\u00f1o desde un lugar de horror hasta la curaci\u00f3n\u201d.<\/span><\/p><p><span style=\"font-weight: 400;\">Frente a las situaciones m\u00e1s dif\u00edciles, Denise dice que los miembros del equipo de The CARE Center son h\u00e9roes a sus ojos. <\/span><span style=\"font-weight: 400;\">\u201cTenemos el mejor director y personal. Son curanderos, amigos, defensores, consejeros y muchos otros roles que son vitales para el \u00e9xito de la misi\u00f3n de The CARE Center\u201d.<\/span><\/p><p><span style=\"font-weight: 400;\">Cuando se le pregunt\u00f3 acerca de sus esperanzas para el futuro de The CARE Center, Denise nombr\u00f3 una meta 100% exclusiva de la misi\u00f3n de The CARE Center. <\/span><span style=\"font-weight: 400;\">\u201cMi esperanza para The CARE Center es que alg\u00fan d\u00eda, nuestros servicios no sean necesarios\u201d, dijo. \u201cEl objetivo del Centro CARE es eliminar el abuso infantil para que los ni\u00f1os puedan estar seguros dondequiera que vayan\u201d.<\/span><\/p><p><span style=\"font-weight: 400;\">El trabajo del Centro CARE no ser\u00eda posible sin el destacado liderazgo de miembros de la junta como Denise, cuya inversi\u00f3n y liderazgo nos acercan un paso m\u00e1s a nuestra meta de eliminar el abuso infantil en el condado de Oklahoma.<\/span><\/p>\t\t\t\t\t\t\t\t<\/div>\n\t\t\t\t<\/div>\n\t\t\t\t\t<\/div>\n\t\t<\/div>\n\t\t\t\t\t<\/div>\n\t\t<\/section>\n\t\t\t\t<section class=\"elementor-section elementor-top-section elementor-element elementor-element-09f344e elementor-section-boxed elementor-section-height-default elementor-section-height-default\" data-id=\"09f344e\" data-element_type=\"section\" data-e-type=\"section\">\n\t\t\t\t\t\t<div class=\"elementor-container elementor-column-gap-default\">\n\t\t\t\t\t<div class=\"elementor-column elementor-col-100 elementor-top-column elementor-element elementor-element-5b115fd\" data-id=\"5b115fd\" data-element_type=\"column\" data-e-type=\"column\">\n\t\t\t<div class=\"elementor-widget-wrap elementor-element-populated\">\n\t\t\t\t\t\t<div class=\"elementor-element elementor-element-9bb9033 elementor-widget elementor-widget-heading\" data-id=\"9bb9033\" data-element_type=\"widget\" data-e-type=\"widget\" data-widget_type=\"heading.default\">\n\t\t\t\t<div class=\"elementor-widget-container\">\n\t\t\t\t\t<h2 class=\"elementor-heading-title elementor-size-large\">LEER M\u00c1S DEL CENTRO DE ATENCI\u00d3N...<\/h2>\t\t\t\t<\/div>\n\t\t\t\t<\/div>\n\t\t\t\t<div class=\"elementor-element elementor-element-a71ad68 elementor-grid-3 elementor-grid-tablet-2 elementor-grid-mobile-1 elementor-posts--thumbnail-top elementor-widget elementor-widget-posts\" data-id=\"a71ad68\" data-element_type=\"widget\" data-e-type=\"widget\" data-settings=\"{&quot;classic_columns&quot;:&quot;3&quot;,&quot;classic_columns_tablet&quot;:&quot;2&quot;,&quot;classic_columns_mobile&quot;:&quot;1&quot;,&quot;classic_row_gap&quot;:{&quot;unit&quot;:&quot;px&quot;,&quot;size&quot;:35,&quot;sizes&quot;:[]},&quot;classic_row_gap_tablet&quot;:{&quot;unit&quot;:&quot;px&quot;,&quot;size&quot;:&quot;&quot;,&quot;sizes&quot;:[]},&quot;classic_row_gap_mobile&quot;:{&quot;unit&quot;:&quot;px&quot;,&quot;size&quot;:&quot;&quot;,&quot;sizes&quot;:[]}}\" data-widget_type=\"posts.classic\">\n\t\t\t\t<div class=\"elementor-widget-container\">\n\t\t\t\t\t\t\t<div class=\"elementor-posts-container elementor-posts elementor-posts--skin-classic elementor-grid\" role=\"list\">\n\t\t\t\t<article class=\"elementor-post elementor-grid-item post-15474 post type-post status-publish format-standard has-post-thumbnail hentry category-advocacy category-news tag-child-advocacy tag-children tag-education\" role=\"listitem\">\n\t\t\t\t<a class=\"elementor-post__thumbnail__link\" href=\"https:\/\/carecenter-okc.org\/es\/see-us-in-the-news\/\" tabindex=\"-1\" >\n\t\t\t<div class=\"elementor-post__thumbnail\"><img decoding=\"async\" width=\"300\" height=\"169\" src=\"https:\/\/carecenter-okc.org\/wp-content\/uploads\/2025\/11\/Blog-Headers-15-300x169.png\" class=\"attachment-medium size-medium wp-image-15475\" alt=\"\" srcset=\"https:\/\/carecenter-okc.org\/wp-content\/uploads\/2025\/11\/Blog-Headers-15-300x169.png 300w, https:\/\/carecenter-okc.org\/wp-content\/uploads\/2025\/11\/Blog-Headers-15-1024x576.png 1024w, https:\/\/carecenter-okc.org\/wp-content\/uploads\/2025\/11\/Blog-Headers-15-768x432.png 768w, https:\/\/carecenter-okc.org\/wp-content\/uploads\/2025\/11\/Blog-Headers-15-18x10.png 18w, https:\/\/carecenter-okc.org\/wp-content\/uploads\/2025\/11\/Blog-Headers-15.png 1280w\" sizes=\"(max-width: 300px) 100vw, 300px\" \/><\/div>\n\t\t<\/a>\n\t\t\t\t<div class=\"elementor-post__text\">\n\t\t\t\t<h3 class=\"elementor-post__title\">\n\t\t\t<a href=\"https:\/\/carecenter-okc.org\/es\/see-us-in-the-news\/\" >\n\t\t\t\tV\u00e9anos en las noticias\t\t\t<\/a>\n\t\t<\/h3>\n\t\t\t\t<div class=\"elementor-post__meta-data\">\n\t\t\t\t\t<span class=\"elementor-post-date\">\n\t\t\tnoviembre 17, 2025\t\t<\/span>\n\t\t\t\t<span class=\"elementor-post-avatar\">\n\t\t\tNo hay comentarios\t\t<\/span>\n\t\t\t\t<\/div>\n\t\t\t\t<div class=\"elementor-post__excerpt\">\n\t\t\t<p>Consulta una selecci\u00f3n de entrevistas y reportajes donde The CARE Center ha causado sensaci\u00f3n. Desde noticias locales hasta plataformas nacionales, aqu\u00ed es donde hemos compartido nuestra historia.<\/p>\n\t\t<\/div>\n\t\t\n\t\t<a class=\"elementor-post__read-more\" href=\"https:\/\/carecenter-okc.org\/es\/see-us-in-the-news\/\" aria-label=\"Read more about See Us in the News\" tabindex=\"-1\" >\n\t\t\tLee mas &quot;\t\t<\/a>\n\n\t\t\t\t<\/div>\n\t\t\t\t<\/article>\n\t\t\t\t<article class=\"elementor-post elementor-grid-item post-15415 post type-post status-publish format-standard has-post-thumbnail hentry category-digital-resources category-education tag-child-abuse tag-child-advocacy tag-children tag-prevention tag-roar\" role=\"listitem\">\n\t\t\t\t<a class=\"elementor-post__thumbnail__link\" href=\"https:\/\/carecenter-okc.org\/es\/breaking-the-silence-how-domestic-violence-affects-children\/\" tabindex=\"-1\" >\n\t\t\t<div class=\"elementor-post__thumbnail\"><img decoding=\"async\" width=\"300\" height=\"169\" src=\"https:\/\/carecenter-okc.org\/wp-content\/uploads\/2025\/10\/Blog-Headers-14-300x169.png\" class=\"attachment-medium size-medium wp-image-15416\" alt=\"\" srcset=\"https:\/\/carecenter-okc.org\/wp-content\/uploads\/2025\/10\/Blog-Headers-14-300x169.png 300w, https:\/\/carecenter-okc.org\/wp-content\/uploads\/2025\/10\/Blog-Headers-14-1024x576.png 1024w, https:\/\/carecenter-okc.org\/wp-content\/uploads\/2025\/10\/Blog-Headers-14-768x432.png 768w, https:\/\/carecenter-okc.org\/wp-content\/uploads\/2025\/10\/Blog-Headers-14-18x10.png 18w, https:\/\/carecenter-okc.org\/wp-content\/uploads\/2025\/10\/Blog-Headers-14.png 1280w\" sizes=\"(max-width: 300px) 100vw, 300px\" \/><\/div>\n\t\t<\/a>\n\t\t\t\t<div class=\"elementor-post__text\">\n\t\t\t\t<h3 class=\"elementor-post__title\">\n\t\t\t<a href=\"https:\/\/carecenter-okc.org\/es\/breaking-the-silence-how-domestic-violence-affects-children\/\" >\n\t\t\t\tRompiendo el silencio: C\u00f3mo afecta la violencia dom\u00e9stica a los ni\u00f1os\t\t\t<\/a>\n\t\t<\/h3>\n\t\t\t\t<div class=\"elementor-post__meta-data\">\n\t\t\t\t\t<span class=\"elementor-post-date\">\n\t\t\toctubre 27, 2025\t\t<\/span>\n\t\t\t\t<span class=\"elementor-post-avatar\">\n\t\t\tNo hay comentarios\t\t<\/span>\n\t\t\t\t<\/div>\n\t\t\t\t<div class=\"elementor-post__excerpt\">\n\t\t\t<p>Octubre es el Mes de Concientizaci\u00f3n sobre la Violencia Dom\u00e9stica. Inf\u00f3rmese sobre c\u00f3mo la violencia dom\u00e9stica afecta a los ni\u00f1os y qu\u00e9 hacen los Centros de Atenci\u00f3n a Ni\u00f1os y Adolescentes (CAC, por sus siglas en ingl\u00e9s) para ayudar. <\/p>\n\t\t<\/div>\n\t\t\n\t\t<a class=\"elementor-post__read-more\" href=\"https:\/\/carecenter-okc.org\/es\/breaking-the-silence-how-domestic-violence-affects-children\/\" aria-label=\"Read more about Breaking the Silence: How Domestic Violence Affects Children\" tabindex=\"-1\" >\n\t\t\tLee mas &quot;\t\t<\/a>\n\n\t\t\t\t<\/div>\n\t\t\t\t<\/article>\n\t\t\t\t<article class=\"elementor-post elementor-grid-item post-15308 post type-post status-publish format-standard has-post-thumbnail hentry category-news tag-child-advocacy tag-children tag-education\" role=\"listitem\">\n\t\t\t\t<a class=\"elementor-post__thumbnail__link\" href=\"https:\/\/carecenter-okc.org\/es\/10-4-facesp-a-tool-to-spot-possible-child-abuse-in-children-4-under\/\" tabindex=\"-1\" >\n\t\t\t<div class=\"elementor-post__thumbnail\"><img loading=\"lazy\" decoding=\"async\" width=\"300\" height=\"169\" src=\"https:\/\/carecenter-okc.org\/wp-content\/uploads\/2025\/10\/Blog-Headers-13-300x169.png\" class=\"attachment-medium size-medium wp-image-15309\" alt=\"\" srcset=\"https:\/\/carecenter-okc.org\/wp-content\/uploads\/2025\/10\/Blog-Headers-13-300x169.png 300w, https:\/\/carecenter-okc.org\/wp-content\/uploads\/2025\/10\/Blog-Headers-13-1024x576.png 1024w, https:\/\/carecenter-okc.org\/wp-content\/uploads\/2025\/10\/Blog-Headers-13-768x432.png 768w, https:\/\/carecenter-okc.org\/wp-content\/uploads\/2025\/10\/Blog-Headers-13-18x10.png 18w, https:\/\/carecenter-okc.org\/wp-content\/uploads\/2025\/10\/Blog-Headers-13.png 1280w\" sizes=\"(max-width: 300px) 100vw, 300px\" \/><\/div>\n\t\t<\/a>\n\t\t\t\t<div class=\"elementor-post__text\">\n\t\t\t\t<h3 class=\"elementor-post__title\">\n\t\t\t<a href=\"https:\/\/carecenter-okc.org\/es\/10-4-facesp-a-tool-to-spot-possible-child-abuse-in-children-4-under\/\" >\n\t\t\t\t10-4-FACESp: Una herramienta para detectar posibles casos de maltrato infantil en ni\u00f1os de 4 a\u00f1os o menos.\t\t\t<\/a>\n\t\t<\/h3>\n\t\t\t\t<div class=\"elementor-post__meta-data\">\n\t\t\t\t\t<span class=\"elementor-post-date\">\n\t\t\toctubre 3, 2025\t\t<\/span>\n\t\t\t\t<span class=\"elementor-post-avatar\">\n\t\t\tNo hay comentarios\t\t<\/span>\n\t\t\t\t<\/div>\n\t\t\t\t<div class=\"elementor-post__excerpt\">\n\t\t\t<p>\u00a1Aprende a detectar el maltrato infantil en ni\u00f1os menores de 4 a\u00f1os y celebra el D\u00eda 10-4 con los profesionales m\u00e9dicos de Oklahoma!<\/p>\n\t\t<\/div>\n\t\t\n\t\t<a class=\"elementor-post__read-more\" href=\"https:\/\/carecenter-okc.org\/es\/10-4-facesp-a-tool-to-spot-possible-child-abuse-in-children-4-under\/\" aria-label=\"Read more about 10-4-FACESp: A Tool to Spot Possible Child Abuse In Children 4 &amp; Under\" tabindex=\"-1\" >\n\t\t\tLee mas &quot;\t\t<\/a>\n\n\t\t\t\t<\/div>\n\t\t\t\t<\/article>\n\t\t\t\t<\/div>\n\t\t\n\t\t\t\t\t\t<\/div>\n\t\t\t\t<\/div>\n\t\t\t\t\t<\/div>\n\t\t<\/div>\n\t\t\t\t\t<\/div>\n\t\t<\/section>\n\t\t\t\t<\/div>","protected":false},"excerpt":{"rendered":"<p>Denise Cramer se desempe\u00f1a como vicepresidenta y asesora fiduciaria de Bank of Oklahoma. Tambi\u00e9n es miembro de la Junta Directiva de The CARE Center. \u00a1Obtenga m\u00e1s informaci\u00f3n sobre c\u00f3mo Denise se involucr\u00f3 por primera vez en The CARE Center! <\/p>","protected":false},"author":1,"featured_media":12808,"comment_status":"open","ping_status":"open","sticky":false,"template":"","format":"standard","meta":{"_acf_changed":false,"om_disable_all_campaigns":false,"_monsterinsights_skip_tracking":false,"_monsterinsights_sitenote_active":false,"_monsterinsights_sitenote_note":"","_monsterinsights_sitenote_category":0,"_uf_show_specific_survey":0,"_uf_disable_surveys":false,"site-sidebar-layout":"default","site-content-layout":"default","ast-site-content-layout":"default","site-content-style":"default","site-sidebar-style":"default","ast-global-header-display":"","ast-banner-title-visibility":"","ast-main-header-display":"","ast-hfb-above-header-display":"","ast-hfb-below-header-display":"","ast-hfb-mobile-header-display":"","site-post-title":"","ast-breadcrumbs-content":"","ast-featured-img":"","footer-sml-layout":"","ast-disable-related-posts":"","theme-transparent-header-meta":"default","adv-header-id-meta":"","stick-header-meta":"","header-above-stick-meta":"","header-main-stick-meta":"","header-below-stick-meta":"","astra-migrate-meta-layouts":"set","ast-page-background-enabled":"default","ast-page-background-meta":{"desktop":{"background-color":"","background-image":"","background-repeat":"repeat","background-position":"center center","background-size":"auto","background-attachment":"scroll","background-type":"","background-media":"","overlay-type":"","overlay-color":"","overlay-opacity":"","overlay-gradient":""},"tablet":{"background-color":"","background-image":"","background-repeat":"repeat","background-position":"center center","background-size":"auto","background-attachment":"scroll","background-type":"","background-media":"","overlay-type":"","overlay-color":"","overlay-opacity":"","overlay-gradient":""},"mobile":{"background-color":"","background-image":"","background-repeat":"repeat","background-position":"center center","background-size":"auto","background-attachment":"scroll","background-type":"","background-media":"","overlay-type":"","overlay-color":"","overlay-opacity":"","overlay-gradient":""}},"ast-content-background-meta":{"desktop":{"background-color":"var(--ast-global-color-5)","background-image":"","background-repeat":"repeat","background-position":"center center","background-size":"auto","background-attachment":"scroll","background-type":"","background-media":"","overlay-type":"","overlay-color":"","overlay-opacity":"","overlay-gradient":""},"tablet":{"background-color":"var(--ast-global-color-5)","background-image":"","background-repeat":"repeat","background-position":"center center","background-size":"auto","background-attachment":"scroll","background-type":"","background-media":"","overlay-type":"","overlay-color":"","overlay-opacity":"","overlay-gradient":""},"mobile":{"background-color":"var(--ast-global-color-5)","background-image":"","background-repeat":"repeat","background-position":"center center","background-size":"auto","background-attachment":"scroll","background-type":"","background-media":"","overlay-type":"","overlay-color":"","overlay-opacity":"","overlay-gradient":""}},"footnotes":""},"categories":[1196],"tags":[],"class_list":["post-4224","post","type-post","status-publish","format-standard","has-post-thumbnail","hentry","category-collaborative-care"],"acf":[],"yoast_head":"<!-- This site is optimized with the Yoast SEO Premium plugin v26.5 (Yoast SEO v28.4) - https:\/\/yoast.com\/product\/yoast-seo-premium-wordpress\/ -->\n<title>Collaborative CARE \/ Board Member Feature: Denise Cramer - The CARE Center<\/title>\n<meta name=\"robots\" content=\"index, follow, max-snippet:-1, max-image-preview:large, max-video-preview:-1\" \/>\n<link rel=\"canonical\" href=\"https:\/\/carecenter-okc.org\/es\/collaborative-care-board-member-feature-denise-cramer\/\" \/>\n<meta property=\"og:locale\" content=\"es_MX\" \/>\n<meta property=\"og:type\" content=\"article\" \/>\n<meta property=\"og:title\" content=\"Collaborative CARE \/ Board Member Feature: Denise Cramer\" \/>\n<meta property=\"og:description\" content=\"Denise Cramer serves as Vice President and Trust Advisor for Bank of Oklahoma. She also serves on The CARE Center&#039;s Board of Directors. Learn more about how Denise first got involved at The CARE Center!\" \/>\n<meta property=\"og:url\" content=\"https:\/\/carecenter-okc.org\/es\/collaborative-care-board-member-feature-denise-cramer\/\" \/>\n<meta property=\"og:site_name\" content=\"The CARE Center\" \/>\n<meta property=\"article:published_time\" content=\"2021-02-09T22:23:19+00:00\" \/>\n<meta property=\"article:modified_time\" content=\"2024-12-09T16:22:02+00:00\" \/>\n<meta property=\"og:image\" content=\"https:\/\/carecenter-okc.org\/wp-content\/uploads\/2021\/02\/Blog-Headers-35.png\" \/>\n\t<meta property=\"og:image:width\" content=\"1280\" \/>\n\t<meta property=\"og:image:height\" content=\"720\" \/>\n\t<meta property=\"og:image:type\" content=\"image\/png\" \/>\n<meta name=\"author\" content=\"admin\" \/>\n<meta name=\"twitter:card\" content=\"summary_large_image\" \/>\n<meta name=\"twitter:label1\" content=\"Escrito por\" \/>\n\t<meta name=\"twitter:data1\" content=\"admin\" \/>\n\t<meta name=\"twitter:label2\" content=\"Tiempo de lectura\" \/>\n\t<meta name=\"twitter:data2\" content=\"2 minutos\" \/>\n<script type=\"application\/ld+json\" class=\"yoast-schema-graph\">{\"@context\":\"https:\\\/\\\/schema.org\",\"@graph\":[{\"@type\":\"Article\",\"@id\":\"https:\\\/\\\/carecenter-okc.org\\\/collaborative-care-board-member-feature-denise-cramer\\\/#article\",\"isPartOf\":{\"@id\":\"https:\\\/\\\/carecenter-okc.org\\\/collaborative-care-board-member-feature-denise-cramer\\\/\"},\"author\":{\"name\":\"admin\",\"@id\":\"https:\\\/\\\/carecenter-okc.org\\\/#\\\/schema\\\/person\\\/ac558fbe7f07011f58e618e57bed4705\"},\"headline\":\"Collaborative CARE \\\/ Board Member Feature: Denise Cramer\",\"datePublished\":\"2021-02-09T22:23:19+00:00\",\"dateModified\":\"2024-12-09T16:22:02+00:00\",\"mainEntityOfPage\":{\"@id\":\"https:\\\/\\\/carecenter-okc.org\\\/collaborative-care-board-member-feature-denise-cramer\\\/\"},\"wordCount\":298,\"commentCount\":0,\"publisher\":{\"@id\":\"https:\\\/\\\/carecenter-okc.org\\\/#organization\"},\"image\":{\"@id\":\"https:\\\/\\\/carecenter-okc.org\\\/collaborative-care-board-member-feature-denise-cramer\\\/#primaryimage\"},\"thumbnailUrl\":\"https:\\\/\\\/carecenter-okc.org\\\/wp-content\\\/uploads\\\/2021\\\/02\\\/Blog-Headers-35.png\",\"articleSection\":[\"Collaborative CARE\"],\"inLanguage\":\"es\",\"potentialAction\":[{\"@type\":\"CommentAction\",\"name\":\"Comment\",\"target\":[\"https:\\\/\\\/carecenter-okc.org\\\/collaborative-care-board-member-feature-denise-cramer\\\/#respond\"]}]},{\"@type\":\"WebPage\",\"@id\":\"https:\\\/\\\/carecenter-okc.org\\\/collaborative-care-board-member-feature-denise-cramer\\\/\",\"url\":\"https:\\\/\\\/carecenter-okc.org\\\/collaborative-care-board-member-feature-denise-cramer\\\/\",\"name\":\"Collaborative CARE \\\/ Board Member Feature: Denise Cramer - The CARE Center\",\"isPartOf\":{\"@id\":\"https:\\\/\\\/carecenter-okc.org\\\/#website\"},\"primaryImageOfPage\":{\"@id\":\"https:\\\/\\\/carecenter-okc.org\\\/collaborative-care-board-member-feature-denise-cramer\\\/#primaryimage\"},\"image\":{\"@id\":\"https:\\\/\\\/carecenter-okc.org\\\/collaborative-care-board-member-feature-denise-cramer\\\/#primaryimage\"},\"thumbnailUrl\":\"https:\\\/\\\/carecenter-okc.org\\\/wp-content\\\/uploads\\\/2021\\\/02\\\/Blog-Headers-35.png\",\"datePublished\":\"2021-02-09T22:23:19+00:00\",\"dateModified\":\"2024-12-09T16:22:02+00:00\",\"breadcrumb\":{\"@id\":\"https:\\\/\\\/carecenter-okc.org\\\/collaborative-care-board-member-feature-denise-cramer\\\/#breadcrumb\"},\"inLanguage\":\"es\",\"potentialAction\":[{\"@type\":\"ReadAction\",\"target\":[\"https:\\\/\\\/carecenter-okc.org\\\/collaborative-care-board-member-feature-denise-cramer\\\/\"]}]},{\"@type\":\"ImageObject\",\"inLanguage\":\"es\",\"@id\":\"https:\\\/\\\/carecenter-okc.org\\\/collaborative-care-board-member-feature-denise-cramer\\\/#primaryimage\",\"url\":\"https:\\\/\\\/carecenter-okc.org\\\/wp-content\\\/uploads\\\/2021\\\/02\\\/Blog-Headers-35.png\",\"contentUrl\":\"https:\\\/\\\/carecenter-okc.org\\\/wp-content\\\/uploads\\\/2021\\\/02\\\/Blog-Headers-35.png\",\"width\":1280,\"height\":720},{\"@type\":\"BreadcrumbList\",\"@id\":\"https:\\\/\\\/carecenter-okc.org\\\/collaborative-care-board-member-feature-denise-cramer\\\/#breadcrumb\",\"itemListElement\":[{\"@type\":\"ListItem\",\"position\":1,\"name\":\"Home\",\"item\":\"https:\\\/\\\/carecenter-okc.org\\\/\"},{\"@type\":\"ListItem\",\"position\":2,\"name\":\"Collaborative CARE \\\/ Board Member Feature: Denise Cramer\"}]},{\"@type\":\"WebSite\",\"@id\":\"https:\\\/\\\/carecenter-okc.org\\\/#website\",\"url\":\"https:\\\/\\\/carecenter-okc.org\\\/\",\"name\":\"The CARE Center\",\"description\":\"Oklahoma County&#039;s Child Advocacy Center\",\"publisher\":{\"@id\":\"https:\\\/\\\/carecenter-okc.org\\\/#organization\"},\"potentialAction\":[{\"@type\":\"SearchAction\",\"target\":{\"@type\":\"EntryPoint\",\"urlTemplate\":\"https:\\\/\\\/carecenter-okc.org\\\/?s={search_term_string}\"},\"query-input\":{\"@type\":\"PropertyValueSpecification\",\"valueRequired\":true,\"valueName\":\"search_term_string\"}}],\"inLanguage\":\"es\"},{\"@type\":\"Organization\",\"@id\":\"https:\\\/\\\/carecenter-okc.org\\\/#organization\",\"name\":\"The CARE Center\",\"url\":\"https:\\\/\\\/carecenter-okc.org\\\/\",\"logo\":{\"@type\":\"ImageObject\",\"inLanguage\":\"es\",\"@id\":\"https:\\\/\\\/carecenter-okc.org\\\/#\\\/schema\\\/logo\\\/image\\\/\",\"url\":\"https:\\\/\\\/carecenter-okc.org\\\/wp-content\\\/uploads\\\/2020\\\/05\\\/CARELogo_Horiz_A.png\",\"contentUrl\":\"https:\\\/\\\/carecenter-okc.org\\\/wp-content\\\/uploads\\\/2020\\\/05\\\/CARELogo_Horiz_A.png\",\"width\":9462,\"height\":2194,\"caption\":\"The CARE Center\"},\"image\":{\"@id\":\"https:\\\/\\\/carecenter-okc.org\\\/#\\\/schema\\\/logo\\\/image\\\/\"}},{\"@type\":\"Person\",\"@id\":\"https:\\\/\\\/carecenter-okc.org\\\/#\\\/schema\\\/person\\\/ac558fbe7f07011f58e618e57bed4705\",\"name\":\"admin\",\"image\":{\"@type\":\"ImageObject\",\"inLanguage\":\"es\",\"@id\":\"https:\\\/\\\/secure.gravatar.com\\\/avatar\\\/f62afb22e8a78fd0223f966616f28ac9b58c7302f6b3e64242c0cc37419271b3?s=96&d=mm&r=g\",\"url\":\"https:\\\/\\\/secure.gravatar.com\\\/avatar\\\/f62afb22e8a78fd0223f966616f28ac9b58c7302f6b3e64242c0cc37419271b3?s=96&d=mm&r=g\",\"contentUrl\":\"https:\\\/\\\/secure.gravatar.com\\\/avatar\\\/f62afb22e8a78fd0223f966616f28ac9b58c7302f6b3e64242c0cc37419271b3?s=96&d=mm&r=g\",\"caption\":\"admin\"}}]}<\/script>\n<!-- \/ Yoast SEO Premium plugin. -->","yoast_head_json":{"title":"Collaborative CARE \/ Board Member Feature: Denise Cramer - The CARE Center","robots":{"index":"index","follow":"follow","max-snippet":"max-snippet:-1","max-image-preview":"max-image-preview:large","max-video-preview":"max-video-preview:-1"},"canonical":"https:\/\/carecenter-okc.org\/es\/collaborative-care-board-member-feature-denise-cramer\/","og_locale":"es_MX","og_type":"article","og_title":"Collaborative CARE \/ Board Member Feature: Denise Cramer","og_description":"Denise Cramer serves as Vice President and Trust Advisor for Bank of Oklahoma. She also serves on The CARE Center's Board of Directors. Learn more about how Denise first got involved at The CARE Center!","og_url":"https:\/\/carecenter-okc.org\/es\/collaborative-care-board-member-feature-denise-cramer\/","og_site_name":"The CARE Center","article_published_time":"2021-02-09T22:23:19+00:00","article_modified_time":"2024-12-09T16:22:02+00:00","og_image":[{"width":1280,"height":720,"url":"https:\/\/carecenter-okc.org\/wp-content\/uploads\/2021\/02\/Blog-Headers-35.png","type":"image\/png"}],"author":"admin","twitter_card":"summary_large_image","twitter_misc":{"Escrito por":"admin","Tiempo de lectura":"2 minutos"},"schema":{"@context":"https:\/\/schema.org","@graph":[{"@type":"Article","@id":"https:\/\/carecenter-okc.org\/collaborative-care-board-member-feature-denise-cramer\/#article","isPartOf":{"@id":"https:\/\/carecenter-okc.org\/collaborative-care-board-member-feature-denise-cramer\/"},"author":{"name":"admin","@id":"https:\/\/carecenter-okc.org\/#\/schema\/person\/ac558fbe7f07011f58e618e57bed4705"},"headline":"Collaborative CARE \/ Board Member Feature: Denise Cramer","datePublished":"2021-02-09T22:23:19+00:00","dateModified":"2024-12-09T16:22:02+00:00","mainEntityOfPage":{"@id":"https:\/\/carecenter-okc.org\/collaborative-care-board-member-feature-denise-cramer\/"},"wordCount":298,"commentCount":0,"publisher":{"@id":"https:\/\/carecenter-okc.org\/#organization"},"image":{"@id":"https:\/\/carecenter-okc.org\/collaborative-care-board-member-feature-denise-cramer\/#primaryimage"},"thumbnailUrl":"https:\/\/carecenter-okc.org\/wp-content\/uploads\/2021\/02\/Blog-Headers-35.png","articleSection":["Collaborative CARE"],"inLanguage":"es","potentialAction":[{"@type":"CommentAction","name":"Comment","target":["https:\/\/carecenter-okc.org\/collaborative-care-board-member-feature-denise-cramer\/#respond"]}]},{"@type":"WebPage","@id":"https:\/\/carecenter-okc.org\/collaborative-care-board-member-feature-denise-cramer\/","url":"https:\/\/carecenter-okc.org\/collaborative-care-board-member-feature-denise-cramer\/","name":"Collaborative CARE \/ Board Member Feature: Denise Cramer - The CARE Center","isPartOf":{"@id":"https:\/\/carecenter-okc.org\/#website"},"primaryImageOfPage":{"@id":"https:\/\/carecenter-okc.org\/collaborative-care-board-member-feature-denise-cramer\/#primaryimage"},"image":{"@id":"https:\/\/carecenter-okc.org\/collaborative-care-board-member-feature-denise-cramer\/#primaryimage"},"thumbnailUrl":"https:\/\/carecenter-okc.org\/wp-content\/uploads\/2021\/02\/Blog-Headers-35.png","datePublished":"2021-02-09T22:23:19+00:00","dateModified":"2024-12-09T16:22:02+00:00","breadcrumb":{"@id":"https:\/\/carecenter-okc.org\/collaborative-care-board-member-feature-denise-cramer\/#breadcrumb"},"inLanguage":"es","potentialAction":[{"@type":"ReadAction","target":["https:\/\/carecenter-okc.org\/collaborative-care-board-member-feature-denise-cramer\/"]}]},{"@type":"ImageObject","inLanguage":"es","@id":"https:\/\/carecenter-okc.org\/collaborative-care-board-member-feature-denise-cramer\/#primaryimage","url":"https:\/\/carecenter-okc.org\/wp-content\/uploads\/2021\/02\/Blog-Headers-35.png","contentUrl":"https:\/\/carecenter-okc.org\/wp-content\/uploads\/2021\/02\/Blog-Headers-35.png","width":1280,"height":720},{"@type":"BreadcrumbList","@id":"https:\/\/carecenter-okc.org\/collaborative-care-board-member-feature-denise-cramer\/#breadcrumb","itemListElement":[{"@type":"ListItem","position":1,"name":"Home","item":"https:\/\/carecenter-okc.org\/"},{"@type":"ListItem","position":2,"name":"Collaborative CARE \/ Board Member Feature: Denise Cramer"}]},{"@type":"WebSite","@id":"https:\/\/carecenter-okc.org\/#website","url":"https:\/\/carecenter-okc.org\/","name":"El Centro CARE","description":"Centro de Defensa de los Derechos del Ni\u00f1o del Condado de Oklahoma","publisher":{"@id":"https:\/\/carecenter-okc.org\/#organization"},"potentialAction":[{"@type":"SearchAction","target":{"@type":"EntryPoint","urlTemplate":"https:\/\/carecenter-okc.org\/?s={search_term_string}"},"query-input":{"@type":"PropertyValueSpecification","valueRequired":true,"valueName":"search_term_string"}}],"inLanguage":"es"},{"@type":"Organization","@id":"https:\/\/carecenter-okc.org\/#organization","name":"El Centro CARE","url":"https:\/\/carecenter-okc.org\/","logo":{"@type":"ImageObject","inLanguage":"es","@id":"https:\/\/carecenter-okc.org\/#\/schema\/logo\/image\/","url":"https:\/\/carecenter-okc.org\/wp-content\/uploads\/2020\/05\/CARELogo_Horiz_A.png","contentUrl":"https:\/\/carecenter-okc.org\/wp-content\/uploads\/2020\/05\/CARELogo_Horiz_A.png","width":9462,"height":2194,"caption":"The CARE Center"},"image":{"@id":"https:\/\/carecenter-okc.org\/#\/schema\/logo\/image\/"}},{"@type":"Person","@id":"https:\/\/carecenter-okc.org\/#\/schema\/person\/ac558fbe7f07011f58e618e57bed4705","name":"administraci\u00f3n","image":{"@type":"ImageObject","inLanguage":"es","@id":"https:\/\/secure.gravatar.com\/avatar\/f62afb22e8a78fd0223f966616f28ac9b58c7302f6b3e64242c0cc37419271b3?s=96&d=mm&r=g","url":"https:\/\/secure.gravatar.com\/avatar\/f62afb22e8a78fd0223f966616f28ac9b58c7302f6b3e64242c0cc37419271b3?s=96&d=mm&r=g","contentUrl":"https:\/\/secure.gravatar.com\/avatar\/f62afb22e8a78fd0223f966616f28ac9b58c7302f6b3e64242c0cc37419271b3?s=96&d=mm&r=g","caption":"admin"}}]}},"_links":{"self":[{"href":"https:\/\/carecenter-okc.org\/es\/wp-json\/wp\/v2\/posts\/4224","targetHints":{"allow":["GET"]}}],"collection":[{"href":"https:\/\/carecenter-okc.org\/es\/wp-json\/wp\/v2\/posts"}],"about":[{"href":"https:\/\/carecenter-okc.org\/es\/wp-json\/wp\/v2\/types\/post"}],"author":[{"embeddable":true,"href":"https:\/\/carecenter-okc.org\/es\/wp-json\/wp\/v2\/users\/1"}],"replies":[{"embeddable":true,"href":"https:\/\/carecenter-okc.org\/es\/wp-json\/wp\/v2\/comments?post=4224"}],"version-history":[{"count":12,"href":"https:\/\/carecenter-okc.org\/es\/wp-json\/wp\/v2\/posts\/4224\/revisions"}],"predecessor-version":[{"id":12812,"href":"https:\/\/carecenter-okc.org\/es\/wp-json\/wp\/v2\/posts\/4224\/revisions\/12812"}],"wp:featuredmedia":[{"embeddable":true,"href":"https:\/\/carecenter-okc.org\/es\/wp-json\/wp\/v2\/media\/12808"}],"wp:attachment":[{"href":"https:\/\/carecenter-okc.org\/es\/wp-json\/wp\/v2\/media?parent=4224"}],"wp:term":[{"taxonomy":"category","embeddable":true,"href":"https:\/\/carecenter-okc.org\/es\/wp-json\/wp\/v2\/categories?post=4224"},{"taxonomy":"post_tag","embeddable":true,"href":"https:\/\/carecenter-okc.org\/es\/wp-json\/wp\/v2\/tags?post=4224"}],"curies":[{"name":"wp","href":"https:\/\/api.w.org\/{rel}","templated":true}]}}